{"id":10399,"date":"2020-10-01T08:31:57","date_gmt":"2020-10-01T08:31:57","guid":{"rendered":"http:\/\/www.evropskakuca.me\/?p=10399"},"modified":"2020-10-01T08:31:57","modified_gmt":"2020-10-01T08:31:57","slug":"upoznajte-mlade-evropske-ambasadore-iz-crne-gore","status":"publish","type":"post","link":"https:\/\/www.evropskakuca.me\/me\/upoznajte-mlade-evropske-ambasadore-iz-crne-gore\/","title":{"rendered":"Upoznajte mlade evropske ambasadore iz Crne Gore"},"content":{"rendered":"<p>Evropska unija nedavno je pokrenula inicijativu <a href=\"https:\/\/www.webalkans.eu\/\">\u201eMladi evropski ambasadori\u201c<\/a>\u00a0(Young European Ambassadors \u2013 YEA), koja je namijenjena mladim sa Zapadnog Balkana. Od 400 prijavljenih, stru\u010dni \u017eiri je odabrao 60 najboljih, koji \u0107e imati priliku da upoznaju i do\u017eive vrijednosti EU i\u00a0 promovi\u0161u moguc\u0301nosti koje ova zajednica pru\u017ea. Platforma je zami\u0161ljena kao prostor za razmjenu ideja i razvijanje talenata, kako bi mladi postali nosioci pozitivnih promjena unutar svojih zajednica, regiona i same EU.<\/p>\n<p>Me\u0111u 60 odabranih, svoje mjesto na\u0161lo i deset mladih iz Crne Gore, koji su imenovani u ambasadore i ata\u0161ee. Jedan od ambasadora je i devetnaestogodi\u0161nji Matija Sekulic\u0301 iz Podgorice,\u00a0 student prve godine Pravnog fakulteta Univerziteta u Donjoj Gorici. Ve\u0107 godinama u\u010destvuje u razli\u010ditim omladinskim aktivnostima, pa je prijavljivanje za mladog evropskog ambasadora bio logi\u010dan korak.<\/p>\n<p><img fetchpriority=\"high\" decoding=\"async\" class=\"alignnone size-large wp-image-10390\" src=\"http:\/\/www.evropskakuca.me\/wp-content\/uploads\/2020\/10\/Matija-II-768x1024.jpg\" alt=\"\" width=\"768\" height=\"1024\" \/><\/p>\n<p>\u201eZa izbor za YEA sam saznao putem <a href=\"https:\/\/www.facebook.com\/evropskakuca.me\">Facebook stranice EU Info Centra<\/a>, koju ve\u0107 dugo pratim. Odmah sam pogledao o kakvom projektu je rije\u010d i vidio brojne benefite koje nudi, kao \u0161to su: povezivanje sa vr\u0161njacima \u0161irom Zapadnog Balkana i Evrope, u\u010de\u0161\u0107e na brojnim doga\u0111ajima, u\u010denje jezika, u\u010denje ne\u010deg novog, ali i prilika da inspiri\u0161em druge ljude kroz svoj rad\u201c, ka\u017ee Matija u razgovoru za EU info centar.<\/p>\n<p>On posebno isti\u010de \u010dinjenicu da mladi danas imaju mnogo vi\u0161e mogu\u0107nosti i prilika, nego \u0161to je to nekad bio slu\u010daj.<\/p>\n<p><img decoding=\"async\" class=\"alignnone size-large wp-image-10392\" src=\"http:\/\/www.evropskakuca.me\/wp-content\/uploads\/2020\/10\/Matija-III-1024x1024.jpg\" alt=\"\" width=\"1024\" height=\"1024\" \/><\/p>\n<p>\u201eZato je jako bitno iskoristiti te prilike, jer \u010dime god se budemo bavili u \u017eivotu, svako od nas \u0107e imati svoju dru\u0161tvenu ulogu, koja \u0107e biti od zna\u010daja. To nas dovodi i do boljeg osposobljavanja da jednog dana budemo lideri na\u0161eg dru\u0161tva i da na taj na\u010din uradimo ne\u0161to dobro za sebe i okolinu. Potrudi\u0107u se da iskoristim sve svoje potencijale i talente da opravdam ulogu koja mi je povjerena\u201c, poru\u010duje ovaj mladi evropski ambasador.<\/p>\n<p>Ulogu ata\u0161ea dobila je dvadesetosmogodi\u0161nja Ivana Sre\u0107kovi\u0107, diplomirana novinarka i magistrica marketing komunikacija. Prijavila se za YEA, jer je zanimaju EU i njene vrijednosti, ali i umre\u017eavanje sa mladim ljudima iz regiona.<\/p>\n<p><img decoding=\"async\" class=\"alignnone size-large wp-image-10394\" src=\"http:\/\/www.evropskakuca.me\/wp-content\/uploads\/2020\/10\/Ivana-Sreckovic-4-1024x1024.jpg\" alt=\"\" width=\"1024\" height=\"1024\" \/><\/p>\n<p>\u201eNajvi\u0161e se radujem radu na razli\u010ditim projektima, doga\u0111ajima i inicijativama za mlade. Kroz ove aktivnosti, moj doprinos \u0107e biti i najve\u0107i, gdje mogu pomo\u0107i sa pisanjem, kreativnim idejama, organizacijom i menad\u017ementom, promocijom i marketingom. Naravno, divno je biti dio ovakve mre\u017ee mladih ljudi, ne samo u Crnoj Gori, ve\u0107 i na Balkanu\u201c, ka\u017ee Ivana.<\/p>\n<p>Isti\u010de da su ovakve inicijative va\u017ene za mlade, jer pove\u0107avaju njihovu vidljivost u dru\u0161tvu, skre\u0107u pa\u017enju na njihove \u017eelje i potrebe i pru\u017eaju im prilike za u\u010denje novih vje\u0161tina i \u0161irenje znanja.<\/p>\n<p><img loading=\"lazy\" decoding=\"async\" class=\"alignnone size-large wp-image-10396\" src=\"http:\/\/www.evropskakuca.me\/wp-content\/uploads\/2020\/10\/Ivana-Sreckovic-2-1024x1024.jpg\" alt=\"\" width=\"1024\" height=\"1024\" \/><\/p>\n<p>\u201eU ovoj mre\u017ei mladi rade za mlade. Budu\u0107i da su saradnje sa dr\u017eavama u regionu lako ostvarive, kreiranje mre\u017ee sa ovakvim ljudima pru\u017ea nebrojeno mogu\u0107nosti za sjajne pri\u010de u budu\u0107nosti\u201c, poru\u010duje ona.<\/p>\n<p>Pored Matije i Ivane, za mlade evropske ambasadore i ata\u0161ee iz Crne Gore odabrani su i Jovana Ja\u0107imovi\u0107, Vojin \u0106etkovi\u0107, Dado Dervanovi\u0107, Bojana Lalatovi\u0107, Stefan Vukmanovi\u0107, Emina Balota, Jelena Deliba\u0161i\u0107 i Aleksandar Kalu\u0111erovi\u0107, o kojima mo\u017eete saznati vi\u0161e na ovom <a href=\"https:\/\/www.webalkans.eu\/young-european-ambassadors\/\">linku<\/a>.<\/p>\n<p>Inicijativa \u201eMladi evropski ambasadori\u201c dio je regionalnog komunikacionog programa Evropske unije za Zapadni Balkan, koji je pokrenut u januaru. Program se finansira u okviru Instrumenta za pretpristupnu pomoc\u0301 EU i trajac\u0301e tri godine. Cilj programa je informisanje razli\u010ditih ciljnih grupa o vrijednostima, politikama i programima EU.<\/p>\n","protected":false},"excerpt":{"rendered":"<p>EU pokrenula inicijativu za mlade sa Zapadnog Balkana <\/p>\n","protected":false},"author":1,"featured_media":35678,"comment_status":"closed","ping_status":"closed","sticky":false,"template":"","format":"standard","meta":{"_acf_changed":false,"footnotes":""},"categories":[283],"tags":[],"class_list":["post-10399","post","type-post","status-publish","format-standard","has-post-thumbnail","hentry","category-novosti-me"],"acf":[],"yoast_head":"<!-- This site is optimized with the Yoast SEO plugin v27.3 - https:\/\/yoast.com\/product\/yoast-seo-wordpress\/ -->\n<title>Upoznajte mlade evropske ambasadore iz Crne Gore - Europe House<\/title>\n<meta name=\"robots\" content=\"index, follow, max-snippet:-1, max-image-preview:large, max-video-preview:-1\" \/>\n<link rel=\"canonical\" href=\"https:\/\/www.evropskakuca.me\/me\/upoznajte-mlade-evropske-ambasadore-iz-crne-gore\/\" \/>\n<meta property=\"og:locale\" content=\"en_US\" \/>\n<meta property=\"og:type\" content=\"article\" \/>\n<meta property=\"og:title\" content=\"Upoznajte mlade evropske ambasadore iz Crne Gore - Europe House\" \/>\n<meta property=\"og:description\" content=\"EU pokrenula inicijativu za mlade sa Zapadnog Balkana\" \/>\n<meta property=\"og:url\" content=\"https:\/\/www.evropskakuca.me\/me\/upoznajte-mlade-evropske-ambasadore-iz-crne-gore\/\" \/>\n<meta property=\"og:site_name\" content=\"Europe House\" \/>\n<meta property=\"article:publisher\" content=\"https:\/\/www.facebook.com\/evropska.kuca\" \/>\n<meta property=\"article:published_time\" content=\"2020-10-01T08:31:57+00:00\" \/>\n<meta property=\"og:image\" content=\"https:\/\/www.evropskakuca.me\/wp-content\/uploads\/2020\/10\/Mladi-ambasadori_foto.jpg\" \/>\n\t<meta property=\"og:image:width\" content=\"1912\" \/>\n\t<meta property=\"og:image:height\" content=\"1443\" \/>\n\t<meta property=\"og:image:type\" content=\"image\/jpeg\" \/>\n<meta name=\"author\" content=\"mkajic\" \/>\n<meta name=\"twitter:card\" content=\"summary_large_image\" \/>\n<meta name=\"twitter:creator\" content=\"@evropska_kuca\" \/>\n<meta name=\"twitter:site\" content=\"@evropska_kuca\" \/>\n<meta name=\"twitter:label1\" content=\"Written by\" \/>\n\t<meta name=\"twitter:data1\" content=\"mkajic\" \/>\n\t<meta name=\"twitter:label2\" content=\"Est. reading time\" \/>\n\t<meta name=\"twitter:data2\" content=\"3 minutes\" \/>\n<script type=\"application\/ld+json\" class=\"yoast-schema-graph\">{\"@context\":\"https:\\\/\\\/schema.org\",\"@graph\":[{\"@type\":\"Article\",\"@id\":\"https:\\\/\\\/www.evropskakuca.me\\\/me\\\/upoznajte-mlade-evropske-ambasadore-iz-crne-gore\\\/#article\",\"isPartOf\":{\"@id\":\"https:\\\/\\\/www.evropskakuca.me\\\/me\\\/upoznajte-mlade-evropske-ambasadore-iz-crne-gore\\\/\"},\"author\":{\"name\":\"mkajic\",\"@id\":\"https:\\\/\\\/www.evropskakuca.me\\\/me\\\/#\\\/schema\\\/person\\\/a1d0dcdaefe4a1cd1d60d200ea137ba4\"},\"headline\":\"Upoznajte mlade evropske ambasadore iz Crne Gore\",\"datePublished\":\"2020-10-01T08:31:57+00:00\",\"mainEntityOfPage\":{\"@id\":\"https:\\\/\\\/www.evropskakuca.me\\\/me\\\/upoznajte-mlade-evropske-ambasadore-iz-crne-gore\\\/\"},\"wordCount\":602,\"publisher\":{\"@id\":\"https:\\\/\\\/www.evropskakuca.me\\\/me\\\/#organization\"},\"image\":{\"@id\":\"https:\\\/\\\/www.evropskakuca.me\\\/me\\\/upoznajte-mlade-evropske-ambasadore-iz-crne-gore\\\/#primaryimage\"},\"thumbnailUrl\":\"https:\\\/\\\/www.evropskakuca.me\\\/wp-content\\\/uploads\\\/2020\\\/10\\\/Mladi-ambasadori_foto.jpg\",\"articleSection\":[\"Novosti\"],\"inLanguage\":\"me-ME\"},{\"@type\":\"WebPage\",\"@id\":\"https:\\\/\\\/www.evropskakuca.me\\\/me\\\/upoznajte-mlade-evropske-ambasadore-iz-crne-gore\\\/\",\"url\":\"https:\\\/\\\/www.evropskakuca.me\\\/me\\\/upoznajte-mlade-evropske-ambasadore-iz-crne-gore\\\/\",\"name\":\"Upoznajte mlade evropske ambasadore iz Crne Gore - Europe House\",\"isPartOf\":{\"@id\":\"https:\\\/\\\/www.evropskakuca.me\\\/me\\\/#website\"},\"primaryImageOfPage\":{\"@id\":\"https:\\\/\\\/www.evropskakuca.me\\\/me\\\/upoznajte-mlade-evropske-ambasadore-iz-crne-gore\\\/#primaryimage\"},\"image\":{\"@id\":\"https:\\\/\\\/www.evropskakuca.me\\\/me\\\/upoznajte-mlade-evropske-ambasadore-iz-crne-gore\\\/#primaryimage\"},\"thumbnailUrl\":\"https:\\\/\\\/www.evropskakuca.me\\\/wp-content\\\/uploads\\\/2020\\\/10\\\/Mladi-ambasadori_foto.jpg\",\"datePublished\":\"2020-10-01T08:31:57+00:00\",\"breadcrumb\":{\"@id\":\"https:\\\/\\\/www.evropskakuca.me\\\/me\\\/upoznajte-mlade-evropske-ambasadore-iz-crne-gore\\\/#breadcrumb\"},\"inLanguage\":\"me-ME\",\"potentialAction\":[{\"@type\":\"ReadAction\",\"target\":[\"https:\\\/\\\/www.evropskakuca.me\\\/me\\\/upoznajte-mlade-evropske-ambasadore-iz-crne-gore\\\/\"]}]},{\"@type\":\"ImageObject\",\"inLanguage\":\"me-ME\",\"@id\":\"https:\\\/\\\/www.evropskakuca.me\\\/me\\\/upoznajte-mlade-evropske-ambasadore-iz-crne-gore\\\/#primaryimage\",\"url\":\"https:\\\/\\\/www.evropskakuca.me\\\/wp-content\\\/uploads\\\/2020\\\/10\\\/Mladi-ambasadori_foto.jpg\",\"contentUrl\":\"https:\\\/\\\/www.evropskakuca.me\\\/wp-content\\\/uploads\\\/2020\\\/10\\\/Mladi-ambasadori_foto.jpg\",\"width\":1912,\"height\":1443},{\"@type\":\"BreadcrumbList\",\"@id\":\"https:\\\/\\\/www.evropskakuca.me\\\/me\\\/upoznajte-mlade-evropske-ambasadore-iz-crne-gore\\\/#breadcrumb\",\"itemListElement\":[{\"@type\":\"ListItem\",\"position\":1,\"name\":\"Home\",\"item\":\"https:\\\/\\\/www.evropskakuca.me\\\/me\\\/\"},{\"@type\":\"ListItem\",\"position\":2,\"name\":\"Upoznajte mlade evropske ambasadore iz Crne Gore\"}]},{\"@type\":\"WebSite\",\"@id\":\"https:\\\/\\\/www.evropskakuca.me\\\/me\\\/#website\",\"url\":\"https:\\\/\\\/www.evropskakuca.me\\\/me\\\/\",\"name\":\"Evropean house\",\"description\":\"\",\"publisher\":{\"@id\":\"https:\\\/\\\/www.evropskakuca.me\\\/me\\\/#organization\"},\"potentialAction\":[{\"@type\":\"SearchAction\",\"target\":{\"@type\":\"EntryPoint\",\"urlTemplate\":\"https:\\\/\\\/www.evropskakuca.me\\\/me\\\/?s={search_term_string}\"},\"query-input\":{\"@type\":\"PropertyValueSpecification\",\"valueRequired\":true,\"valueName\":\"search_term_string\"}}],\"inLanguage\":\"me-ME\"},{\"@type\":\"Organization\",\"@id\":\"https:\\\/\\\/www.evropskakuca.me\\\/me\\\/#organization\",\"name\":\"Evropean house\",\"url\":\"https:\\\/\\\/www.evropskakuca.me\\\/me\\\/\",\"logo\":{\"@type\":\"ImageObject\",\"inLanguage\":\"me-ME\",\"@id\":\"https:\\\/\\\/www.evropskakuca.me\\\/me\\\/#\\\/schema\\\/logo\\\/image\\\/\",\"url\":\"https:\\\/\\\/www.evropskakuca.me\\\/wp-content\\\/uploads\\\/2025\\\/01\\\/evropska-kuca-logo-1.png\",\"contentUrl\":\"https:\\\/\\\/www.evropskakuca.me\\\/wp-content\\\/uploads\\\/2025\\\/01\\\/evropska-kuca-logo-1.png\",\"width\":425,\"height\":312,\"caption\":\"Evropean house\"},\"image\":{\"@id\":\"https:\\\/\\\/www.evropskakuca.me\\\/me\\\/#\\\/schema\\\/logo\\\/image\\\/\"},\"sameAs\":[\"https:\\\/\\\/www.facebook.com\\\/evropska.kuca\",\"https:\\\/\\\/x.com\\\/evropska_kuca\",\"https:\\\/\\\/www.instagram.com\\\/evropska_kuca\"]},{\"@type\":\"Person\",\"@id\":\"https:\\\/\\\/www.evropskakuca.me\\\/me\\\/#\\\/schema\\\/person\\\/a1d0dcdaefe4a1cd1d60d200ea137ba4\",\"name\":\"mkajic\",\"image\":{\"@type\":\"ImageObject\",\"inLanguage\":\"me-ME\",\"@id\":\"https:\\\/\\\/secure.gravatar.com\\\/avatar\\\/731fa035cefab7316e6bafd1f25a93fb731a07de14e2d9923f8db4422628eabc?s=96&d=mm&r=g\",\"url\":\"https:\\\/\\\/secure.gravatar.com\\\/avatar\\\/731fa035cefab7316e6bafd1f25a93fb731a07de14e2d9923f8db4422628eabc?s=96&d=mm&r=g\",\"contentUrl\":\"https:\\\/\\\/secure.gravatar.com\\\/avatar\\\/731fa035cefab7316e6bafd1f25a93fb731a07de14e2d9923f8db4422628eabc?s=96&d=mm&r=g\",\"caption\":\"mkajic\"},\"sameAs\":[\"https:\\\/\\\/evropskakuca.me\"],\"url\":\"https:\\\/\\\/www.evropskakuca.me\\\/me\\\/author\\\/mkajic\\\/\"}]}<\/script>\n<!-- \/ Yoast SEO plugin. -->","yoast_head_json":{"title":"Upoznajte mlade evropske ambasadore iz Crne Gore - Europe House","robots":{"index":"index","follow":"follow","max-snippet":"max-snippet:-1","max-image-preview":"max-image-preview:large","max-video-preview":"max-video-preview:-1"},"canonical":"https:\/\/www.evropskakuca.me\/me\/upoznajte-mlade-evropske-ambasadore-iz-crne-gore\/","og_locale":"en_US","og_type":"article","og_title":"Upoznajte mlade evropske ambasadore iz Crne Gore - Europe House","og_description":"EU pokrenula inicijativu za mlade sa Zapadnog Balkana","og_url":"https:\/\/www.evropskakuca.me\/me\/upoznajte-mlade-evropske-ambasadore-iz-crne-gore\/","og_site_name":"Europe House","article_publisher":"https:\/\/www.facebook.com\/evropska.kuca","article_published_time":"2020-10-01T08:31:57+00:00","og_image":[{"width":1912,"height":1443,"url":"https:\/\/www.evropskakuca.me\/wp-content\/uploads\/2020\/10\/Mladi-ambasadori_foto.jpg","type":"image\/jpeg"}],"author":"mkajic","twitter_card":"summary_large_image","twitter_creator":"@evropska_kuca","twitter_site":"@evropska_kuca","twitter_misc":{"Written by":"mkajic","Est. reading time":"3 minutes"},"schema":{"@context":"https:\/\/schema.org","@graph":[{"@type":"Article","@id":"https:\/\/www.evropskakuca.me\/me\/upoznajte-mlade-evropske-ambasadore-iz-crne-gore\/#article","isPartOf":{"@id":"https:\/\/www.evropskakuca.me\/me\/upoznajte-mlade-evropske-ambasadore-iz-crne-gore\/"},"author":{"name":"mkajic","@id":"https:\/\/www.evropskakuca.me\/me\/#\/schema\/person\/a1d0dcdaefe4a1cd1d60d200ea137ba4"},"headline":"Upoznajte mlade evropske ambasadore iz Crne Gore","datePublished":"2020-10-01T08:31:57+00:00","mainEntityOfPage":{"@id":"https:\/\/www.evropskakuca.me\/me\/upoznajte-mlade-evropske-ambasadore-iz-crne-gore\/"},"wordCount":602,"publisher":{"@id":"https:\/\/www.evropskakuca.me\/me\/#organization"},"image":{"@id":"https:\/\/www.evropskakuca.me\/me\/upoznajte-mlade-evropske-ambasadore-iz-crne-gore\/#primaryimage"},"thumbnailUrl":"https:\/\/www.evropskakuca.me\/wp-content\/uploads\/2020\/10\/Mladi-ambasadori_foto.jpg","articleSection":["Novosti"],"inLanguage":"me-ME"},{"@type":"WebPage","@id":"https:\/\/www.evropskakuca.me\/me\/upoznajte-mlade-evropske-ambasadore-iz-crne-gore\/","url":"https:\/\/www.evropskakuca.me\/me\/upoznajte-mlade-evropske-ambasadore-iz-crne-gore\/","name":"Upoznajte mlade evropske ambasadore iz Crne Gore - Europe House","isPartOf":{"@id":"https:\/\/www.evropskakuca.me\/me\/#website"},"primaryImageOfPage":{"@id":"https:\/\/www.evropskakuca.me\/me\/upoznajte-mlade-evropske-ambasadore-iz-crne-gore\/#primaryimage"},"image":{"@id":"https:\/\/www.evropskakuca.me\/me\/upoznajte-mlade-evropske-ambasadore-iz-crne-gore\/#primaryimage"},"thumbnailUrl":"https:\/\/www.evropskakuca.me\/wp-content\/uploads\/2020\/10\/Mladi-ambasadori_foto.jpg","datePublished":"2020-10-01T08:31:57+00:00","breadcrumb":{"@id":"https:\/\/www.evropskakuca.me\/me\/upoznajte-mlade-evropske-ambasadore-iz-crne-gore\/#breadcrumb"},"inLanguage":"me-ME","potentialAction":[{"@type":"ReadAction","target":["https:\/\/www.evropskakuca.me\/me\/upoznajte-mlade-evropske-ambasadore-iz-crne-gore\/"]}]},{"@type":"ImageObject","inLanguage":"me-ME","@id":"https:\/\/www.evropskakuca.me\/me\/upoznajte-mlade-evropske-ambasadore-iz-crne-gore\/#primaryimage","url":"https:\/\/www.evropskakuca.me\/wp-content\/uploads\/2020\/10\/Mladi-ambasadori_foto.jpg","contentUrl":"https:\/\/www.evropskakuca.me\/wp-content\/uploads\/2020\/10\/Mladi-ambasadori_foto.jpg","width":1912,"height":1443},{"@type":"BreadcrumbList","@id":"https:\/\/www.evropskakuca.me\/me\/upoznajte-mlade-evropske-ambasadore-iz-crne-gore\/#breadcrumb","itemListElement":[{"@type":"ListItem","position":1,"name":"Home","item":"https:\/\/www.evropskakuca.me\/me\/"},{"@type":"ListItem","position":2,"name":"Upoznajte mlade evropske ambasadore iz Crne Gore"}]},{"@type":"WebSite","@id":"https:\/\/www.evropskakuca.me\/me\/#website","url":"https:\/\/www.evropskakuca.me\/me\/","name":"Evropean house","description":"","publisher":{"@id":"https:\/\/www.evropskakuca.me\/me\/#organization"},"potentialAction":[{"@type":"SearchAction","target":{"@type":"EntryPoint","urlTemplate":"https:\/\/www.evropskakuca.me\/me\/?s={search_term_string}"},"query-input":{"@type":"PropertyValueSpecification","valueRequired":true,"valueName":"search_term_string"}}],"inLanguage":"me-ME"},{"@type":"Organization","@id":"https:\/\/www.evropskakuca.me\/me\/#organization","name":"Evropean house","url":"https:\/\/www.evropskakuca.me\/me\/","logo":{"@type":"ImageObject","inLanguage":"me-ME","@id":"https:\/\/www.evropskakuca.me\/me\/#\/schema\/logo\/image\/","url":"https:\/\/www.evropskakuca.me\/wp-content\/uploads\/2025\/01\/evropska-kuca-logo-1.png","contentUrl":"https:\/\/www.evropskakuca.me\/wp-content\/uploads\/2025\/01\/evropska-kuca-logo-1.png","width":425,"height":312,"caption":"Evropean house"},"image":{"@id":"https:\/\/www.evropskakuca.me\/me\/#\/schema\/logo\/image\/"},"sameAs":["https:\/\/www.facebook.com\/evropska.kuca","https:\/\/x.com\/evropska_kuca","https:\/\/www.instagram.com\/evropska_kuca"]},{"@type":"Person","@id":"https:\/\/www.evropskakuca.me\/me\/#\/schema\/person\/a1d0dcdaefe4a1cd1d60d200ea137ba4","name":"mkajic","image":{"@type":"ImageObject","inLanguage":"me-ME","@id":"https:\/\/secure.gravatar.com\/avatar\/731fa035cefab7316e6bafd1f25a93fb731a07de14e2d9923f8db4422628eabc?s=96&d=mm&r=g","url":"https:\/\/secure.gravatar.com\/avatar\/731fa035cefab7316e6bafd1f25a93fb731a07de14e2d9923f8db4422628eabc?s=96&d=mm&r=g","contentUrl":"https:\/\/secure.gravatar.com\/avatar\/731fa035cefab7316e6bafd1f25a93fb731a07de14e2d9923f8db4422628eabc?s=96&d=mm&r=g","caption":"mkajic"},"sameAs":["https:\/\/evropskakuca.me"],"url":"https:\/\/www.evropskakuca.me\/me\/author\/mkajic\/"}]}},"_links":{"self":[{"href":"https:\/\/www.evropskakuca.me\/me\/wp-json\/wp\/v2\/posts\/10399","targetHints":{"allow":["GET"]}}],"collection":[{"href":"https:\/\/www.evropskakuca.me\/me\/wp-json\/wp\/v2\/posts"}],"about":[{"href":"https:\/\/www.evropskakuca.me\/me\/wp-json\/wp\/v2\/types\/post"}],"author":[{"embeddable":true,"href":"https:\/\/www.evropskakuca.me\/me\/wp-json\/wp\/v2\/users\/1"}],"replies":[{"embeddable":true,"href":"https:\/\/www.evropskakuca.me\/me\/wp-json\/wp\/v2\/comments?post=10399"}],"version-history":[{"count":0,"href":"https:\/\/www.evropskakuca.me\/me\/wp-json\/wp\/v2\/posts\/10399\/revisions"}],"wp:featuredmedia":[{"embeddable":true,"href":"https:\/\/www.evropskakuca.me\/me\/wp-json\/wp\/v2\/media\/35678"}],"wp:attachment":[{"href":"https:\/\/www.evropskakuca.me\/me\/wp-json\/wp\/v2\/media?parent=10399"}],"wp:term":[{"taxonomy":"category","embeddable":true,"href":"https:\/\/www.evropskakuca.me\/me\/wp-json\/wp\/v2\/categories?post=10399"},{"taxonomy":"post_tag","embeddable":true,"href":"https:\/\/www.evropskakuca.me\/me\/wp-json\/wp\/v2\/tags?post=10399"}],"curies":[{"name":"wp","href":"https:\/\/api.w.org\/{rel}","templated":true}]}}