{"id":10379,"date":"2020-09-27T14:01:07","date_gmt":"2020-09-27T14:01:07","guid":{"rendered":"http:\/\/www.evropskakuca.me\/?p=10379"},"modified":"2025-01-21T12:03:15","modified_gmt":"2025-01-21T12:03:15","slug":"odabrano-25-polaznika-skole-evropsko-demokratsko-gradanstvo-i-solidarnost","status":"publish","type":"post","link":"https:\/\/www.evropskakuca.me\/me\/odabrano-25-polaznika-skole-evropsko-demokratsko-gradanstvo-i-solidarnost\/","title":{"rendered":"Odabrano 25 polaznika \u0161kole &#8220;Evropsko demokratsko gra\u0111anstvo i solidarnost&#8221;"},"content":{"rendered":"<p>Od gotovo<strong> 200<\/strong> pristiglih prijava Delegacija Evropske unije u Crnoj Gori i EU info centar odabrali su <strong>25<\/strong> u\u010desnika \u0161kole &#8221;Evropsko demokratsko gra\u0111anstvo i solidarnost&#8221;.<\/p>\n<p>\u0160kola po\u010dinje <strong>28.<\/strong> septembra.<\/p>\n<p><strong>Spisak odabranih u\u010desnika:<\/strong><\/p>\n<table width=\"104%\">\n<tbody>\n<tr>\n<td width=\"25%\">An\u0111ela \u0106irovi\u0107<\/td>\n<td width=\"64%\">Andrijevica<\/td>\n<\/tr>\n<tr>\n<td width=\"25%\">Arabela Skenderovi\u0107<\/td>\n<td width=\"64%\">Bar<\/td>\n<\/tr>\n<tr>\n<td width=\"25%\">Mihailo Labovic<\/td>\n<td width=\"64%\">Berane<\/td>\n<\/tr>\n<tr>\n<td width=\"25%\">Petar Raicevic<\/td>\n<td width=\"64%\">Berane<\/td>\n<\/tr>\n<tr>\n<td width=\"25%\">Du\u0161an Vu\u010dini\u0107<\/td>\n<td width=\"64%\">Bijelo Polje<\/td>\n<\/tr>\n<tr>\n<td width=\"25%\">Stojan Terzi\u0107<\/td>\n<td width=\"64%\">Bijelo Polje<\/td>\n<\/tr>\n<tr>\n<td width=\"25%\">Kalina \u017di\u017ei\u0107<\/td>\n<td width=\"64%\">Budva<\/td>\n<\/tr>\n<tr>\n<td width=\"25%\">Filip Markovi\u0107<\/td>\n<td width=\"64%\">Cetinje<\/td>\n<\/tr>\n<tr>\n<td width=\"25%\">Milo\u0161 Todorovi\u0107<\/td>\n<td width=\"64%\">Cetinje<\/td>\n<\/tr>\n<tr>\n<td width=\"25%\">An\u0111ela Milovi\u0107<\/td>\n<td width=\"64%\">Nik\u0161i\u0107<\/td>\n<\/tr>\n<tr>\n<td width=\"25%\">Anja Strugar<\/td>\n<td width=\"64%\">Podgorica<\/td>\n<\/tr>\n<tr>\n<td width=\"25%\">Isabella Pobric<\/td>\n<td width=\"64%\">Podgorica<\/td>\n<\/tr>\n<tr>\n<td width=\"25%\">Na\u0111a Kalu\u0111erovi\u0107<\/td>\n<td width=\"64%\">Podgorica<\/td>\n<\/tr>\n<tr>\n<td width=\"25%\">Luka Trbovi\u0107<\/td>\n<td width=\"64%\">Podgorica<\/td>\n<\/tr>\n<tr>\n<td width=\"25%\">Hana Rov\u010danin<\/td>\n<td width=\"64%\">Podgorica<\/td>\n<\/tr>\n<tr>\n<td width=\"25%\">An\u0111ela Obradovi\u0107<\/td>\n<td width=\"64%\">Podgorica<\/td>\n<\/tr>\n<tr>\n<td width=\"25%\">Jovo Knezevic<\/td>\n<td width=\"64%\">Herceg Novi<\/td>\n<\/tr>\n<tr>\n<td width=\"25%\">Ma\u0161a Bulaji\u0107<\/td>\n<td width=\"64%\">Herceg Novi<\/td>\n<\/tr>\n<tr>\n<td width=\"25%\">Isidora Sekuli\u0107<\/td>\n<td width=\"64%\">Herceg Novi<\/td>\n<\/tr>\n<tr>\n<td width=\"25%\">Predrag Kriva\u0107evi\u0107<\/td>\n<td width=\"64%\">Pljevlja<\/td>\n<\/tr>\n<tr>\n<td width=\"25%\">Amila Brahi\u0107<\/td>\n<td width=\"64%\">Pljevlja<\/td>\n<\/tr>\n<tr>\n<td width=\"25%\">Gent Dervishi<\/td>\n<td width=\"64%\">Ulcinj<\/td>\n<\/tr>\n<tr>\n<td width=\"25%\">Radusinovi\u0107 Nikolina<\/td>\n<td width=\"64%\">Podgorica<\/td>\n<\/tr>\n<tr>\n<td width=\"25%\">Dunja Ivanovi\u0107<\/td>\n<td width=\"64%\">Podgorica<\/td>\n<\/tr>\n<tr>\n<td width=\"25%\">Semina Kala\u010d<\/td>\n<td width=\"64%\">Ro\u017eaje<\/td>\n<\/tr>\n<\/tbody>\n<\/table>\n<p>Delegacija Evropske unije u Crnoj Gori i EU info centar organizuju online \u0161kolu o evropskom demokratskom gra\u0111anstvu i solidarnosti koja je kreirana kako bi mladima u Crnoj Gori omogu\u0107ili da nau\u010de vi\u0161e o Evropskoj uniji, njenim principima i vrijednostima, kao i da ih motivi\u0161e da preuzmu aktivniju ulogu u svojoj zajednici, naro\u010dito u svjetlu trenutnih dru\u0161tvenih izazova.<\/p>\n<p>Iako online, metode koje \u0107e biti kori\u0161\u0107ene omogu\u0107i\u0107e u\u010desnicima\/cama prostor za diskusiju o aktuelnim temama, da iznose svoje mi\u0161ljenje, a samim tim razbijaju predrasude i stereotipe i razvijaju kriti\u010dko mi\u0161ljenje. Na\u010din rada bi\u0107e interaktivan i zabavan za u\u010desnike\/ce, pru\u017eaju\u0107i im priliku da zajedno sa drugim u\u010desnicima dodju do raznolikog znanja, kreiraju sopstvene ideje i zauzmu jasne stavove.<\/p>\n<p>&nbsp;<\/p>\n<h4>Prate\u0107i tekst:<\/h4>\n<p><a href=\"http:\/\/www.evropskakuca.me\/me\/zavrsena-prva-online-skola-o-evropskom-demokratskom-gradanstvu-i-solidarnosti\/\"> Zavr\u0161ena prva Online \u0161kola o evropskom demokratskom gra\u0111anstvu i solidarnosti<\/a><\/p>\n<p>&nbsp;<\/p>\n","protected":false},"excerpt":{"rendered":"<p>\u0160kola po\u010dinje 28. septembra<\/p>\n","protected":false},"author":1,"featured_media":0,"comment_status":"closed","ping_status":"closed","sticky":false,"template":"","format":"standard","meta":{"_acf_changed":false,"footnotes":""},"categories":[283],"tags":[],"class_list":["post-10379","post","type-post","status-publish","format-standard","hentry","category-novosti-me"],"acf":[],"yoast_head":"<!-- This site is optimized with the Yoast SEO plugin v27.3 - https:\/\/yoast.com\/product\/yoast-seo-wordpress\/ -->\n<title>Odabrano 25 polaznika \u0161kole &quot;Evropsko demokratsko gra\u0111anstvo i solidarnost&#039;&#039; - Europe House<\/title>\n<meta name=\"robots\" content=\"index, follow, max-snippet:-1, max-image-preview:large, max-video-preview:-1\" \/>\n<link rel=\"canonical\" href=\"https:\/\/www.evropskakuca.me\/me\/odabrano-25-polaznika-skole-evropsko-demokratsko-gradanstvo-i-solidarnost\/\" \/>\n<meta property=\"og:locale\" content=\"en_US\" \/>\n<meta property=\"og:type\" content=\"article\" \/>\n<meta property=\"og:title\" content=\"Odabrano 25 polaznika \u0161kole &quot;Evropsko demokratsko gra\u0111anstvo i solidarnost&#039;&#039; - Europe House\" \/>\n<meta property=\"og:description\" content=\"\u0160kola po\u010dinje 28. septembra\" \/>\n<meta property=\"og:url\" content=\"https:\/\/www.evropskakuca.me\/me\/odabrano-25-polaznika-skole-evropsko-demokratsko-gradanstvo-i-solidarnost\/\" \/>\n<meta property=\"og:site_name\" content=\"Europe House\" \/>\n<meta property=\"article:publisher\" content=\"https:\/\/www.facebook.com\/evropska.kuca\" \/>\n<meta property=\"article:published_time\" content=\"2020-09-27T14:01:07+00:00\" \/>\n<meta property=\"article:modified_time\" content=\"2025-01-21T12:03:15+00:00\" \/>\n<meta name=\"author\" content=\"mkajic\" \/>\n<meta name=\"twitter:card\" content=\"summary_large_image\" \/>\n<meta name=\"twitter:creator\" content=\"@evropska_kuca\" \/>\n<meta name=\"twitter:site\" content=\"@evropska_kuca\" \/>\n<meta name=\"twitter:label1\" content=\"Written by\" \/>\n\t<meta name=\"twitter:data1\" content=\"mkajic\" \/>\n\t<meta name=\"twitter:label2\" content=\"Est. reading time\" \/>\n\t<meta name=\"twitter:data2\" content=\"2 minutes\" \/>\n<script type=\"application\/ld+json\" class=\"yoast-schema-graph\">{\"@context\":\"https:\\\/\\\/schema.org\",\"@graph\":[{\"@type\":\"Article\",\"@id\":\"https:\\\/\\\/www.evropskakuca.me\\\/me\\\/odabrano-25-polaznika-skole-evropsko-demokratsko-gradanstvo-i-solidarnost\\\/#article\",\"isPartOf\":{\"@id\":\"https:\\\/\\\/www.evropskakuca.me\\\/me\\\/odabrano-25-polaznika-skole-evropsko-demokratsko-gradanstvo-i-solidarnost\\\/\"},\"author\":{\"name\":\"mkajic\",\"@id\":\"https:\\\/\\\/www.evropskakuca.me\\\/me\\\/#\\\/schema\\\/person\\\/a1d0dcdaefe4a1cd1d60d200ea137ba4\"},\"headline\":\"Odabrano 25 polaznika \u0161kole &#8220;Evropsko demokratsko gra\u0111anstvo i solidarnost&#8221;\",\"datePublished\":\"2020-09-27T14:01:07+00:00\",\"dateModified\":\"2025-01-21T12:03:15+00:00\",\"mainEntityOfPage\":{\"@id\":\"https:\\\/\\\/www.evropskakuca.me\\\/me\\\/odabrano-25-polaznika-skole-evropsko-demokratsko-gradanstvo-i-solidarnost\\\/\"},\"wordCount\":288,\"publisher\":{\"@id\":\"https:\\\/\\\/www.evropskakuca.me\\\/me\\\/#organization\"},\"articleSection\":[\"Novosti\"],\"inLanguage\":\"me-ME\"},{\"@type\":\"WebPage\",\"@id\":\"https:\\\/\\\/www.evropskakuca.me\\\/me\\\/odabrano-25-polaznika-skole-evropsko-demokratsko-gradanstvo-i-solidarnost\\\/\",\"url\":\"https:\\\/\\\/www.evropskakuca.me\\\/me\\\/odabrano-25-polaznika-skole-evropsko-demokratsko-gradanstvo-i-solidarnost\\\/\",\"name\":\"Odabrano 25 polaznika \u0161kole \\\"Evropsko demokratsko gra\u0111anstvo i solidarnost'' - Europe House\",\"isPartOf\":{\"@id\":\"https:\\\/\\\/www.evropskakuca.me\\\/me\\\/#website\"},\"datePublished\":\"2020-09-27T14:01:07+00:00\",\"dateModified\":\"2025-01-21T12:03:15+00:00\",\"breadcrumb\":{\"@id\":\"https:\\\/\\\/www.evropskakuca.me\\\/me\\\/odabrano-25-polaznika-skole-evropsko-demokratsko-gradanstvo-i-solidarnost\\\/#breadcrumb\"},\"inLanguage\":\"me-ME\",\"potentialAction\":[{\"@type\":\"ReadAction\",\"target\":[\"https:\\\/\\\/www.evropskakuca.me\\\/me\\\/odabrano-25-polaznika-skole-evropsko-demokratsko-gradanstvo-i-solidarnost\\\/\"]}]},{\"@type\":\"BreadcrumbList\",\"@id\":\"https:\\\/\\\/www.evropskakuca.me\\\/me\\\/odabrano-25-polaznika-skole-evropsko-demokratsko-gradanstvo-i-solidarnost\\\/#breadcrumb\",\"itemListElement\":[{\"@type\":\"ListItem\",\"position\":1,\"name\":\"Home\",\"item\":\"https:\\\/\\\/www.evropskakuca.me\\\/me\\\/\"},{\"@type\":\"ListItem\",\"position\":2,\"name\":\"Odabrano 25 polaznika \u0161kole &#8220;Evropsko demokratsko gra\u0111anstvo i solidarnost&#8221;\"}]},{\"@type\":\"WebSite\",\"@id\":\"https:\\\/\\\/www.evropskakuca.me\\\/me\\\/#website\",\"url\":\"https:\\\/\\\/www.evropskakuca.me\\\/me\\\/\",\"name\":\"Evropean house\",\"description\":\"\",\"publisher\":{\"@id\":\"https:\\\/\\\/www.evropskakuca.me\\\/me\\\/#organization\"},\"potentialAction\":[{\"@type\":\"SearchAction\",\"target\":{\"@type\":\"EntryPoint\",\"urlTemplate\":\"https:\\\/\\\/www.evropskakuca.me\\\/me\\\/?s={search_term_string}\"},\"query-input\":{\"@type\":\"PropertyValueSpecification\",\"valueRequired\":true,\"valueName\":\"search_term_string\"}}],\"inLanguage\":\"me-ME\"},{\"@type\":\"Organization\",\"@id\":\"https:\\\/\\\/www.evropskakuca.me\\\/me\\\/#organization\",\"name\":\"Evropean house\",\"url\":\"https:\\\/\\\/www.evropskakuca.me\\\/me\\\/\",\"logo\":{\"@type\":\"ImageObject\",\"inLanguage\":\"me-ME\",\"@id\":\"https:\\\/\\\/www.evropskakuca.me\\\/me\\\/#\\\/schema\\\/logo\\\/image\\\/\",\"url\":\"https:\\\/\\\/www.evropskakuca.me\\\/wp-content\\\/uploads\\\/2025\\\/01\\\/evropska-kuca-logo-1.png\",\"contentUrl\":\"https:\\\/\\\/www.evropskakuca.me\\\/wp-content\\\/uploads\\\/2025\\\/01\\\/evropska-kuca-logo-1.png\",\"width\":425,\"height\":312,\"caption\":\"Evropean house\"},\"image\":{\"@id\":\"https:\\\/\\\/www.evropskakuca.me\\\/me\\\/#\\\/schema\\\/logo\\\/image\\\/\"},\"sameAs\":[\"https:\\\/\\\/www.facebook.com\\\/evropska.kuca\",\"https:\\\/\\\/x.com\\\/evropska_kuca\",\"https:\\\/\\\/www.instagram.com\\\/evropska_kuca\"]},{\"@type\":\"Person\",\"@id\":\"https:\\\/\\\/www.evropskakuca.me\\\/me\\\/#\\\/schema\\\/person\\\/a1d0dcdaefe4a1cd1d60d200ea137ba4\",\"name\":\"mkajic\",\"image\":{\"@type\":\"ImageObject\",\"inLanguage\":\"me-ME\",\"@id\":\"https:\\\/\\\/secure.gravatar.com\\\/avatar\\\/731fa035cefab7316e6bafd1f25a93fb731a07de14e2d9923f8db4422628eabc?s=96&d=mm&r=g\",\"url\":\"https:\\\/\\\/secure.gravatar.com\\\/avatar\\\/731fa035cefab7316e6bafd1f25a93fb731a07de14e2d9923f8db4422628eabc?s=96&d=mm&r=g\",\"contentUrl\":\"https:\\\/\\\/secure.gravatar.com\\\/avatar\\\/731fa035cefab7316e6bafd1f25a93fb731a07de14e2d9923f8db4422628eabc?s=96&d=mm&r=g\",\"caption\":\"mkajic\"},\"sameAs\":[\"https:\\\/\\\/evropskakuca.me\"],\"url\":\"https:\\\/\\\/www.evropskakuca.me\\\/me\\\/author\\\/mkajic\\\/\"}]}<\/script>\n<!-- \/ Yoast SEO plugin. -->","yoast_head_json":{"title":"Odabrano 25 polaznika \u0161kole \"Evropsko demokratsko gra\u0111anstvo i solidarnost'' - Europe House","robots":{"index":"index","follow":"follow","max-snippet":"max-snippet:-1","max-image-preview":"max-image-preview:large","max-video-preview":"max-video-preview:-1"},"canonical":"https:\/\/www.evropskakuca.me\/me\/odabrano-25-polaznika-skole-evropsko-demokratsko-gradanstvo-i-solidarnost\/","og_locale":"en_US","og_type":"article","og_title":"Odabrano 25 polaznika \u0161kole \"Evropsko demokratsko gra\u0111anstvo i solidarnost'' - Europe House","og_description":"\u0160kola po\u010dinje 28. septembra","og_url":"https:\/\/www.evropskakuca.me\/me\/odabrano-25-polaznika-skole-evropsko-demokratsko-gradanstvo-i-solidarnost\/","og_site_name":"Europe House","article_publisher":"https:\/\/www.facebook.com\/evropska.kuca","article_published_time":"2020-09-27T14:01:07+00:00","article_modified_time":"2025-01-21T12:03:15+00:00","author":"mkajic","twitter_card":"summary_large_image","twitter_creator":"@evropska_kuca","twitter_site":"@evropska_kuca","twitter_misc":{"Written by":"mkajic","Est. reading time":"2 minutes"},"schema":{"@context":"https:\/\/schema.org","@graph":[{"@type":"Article","@id":"https:\/\/www.evropskakuca.me\/me\/odabrano-25-polaznika-skole-evropsko-demokratsko-gradanstvo-i-solidarnost\/#article","isPartOf":{"@id":"https:\/\/www.evropskakuca.me\/me\/odabrano-25-polaznika-skole-evropsko-demokratsko-gradanstvo-i-solidarnost\/"},"author":{"name":"mkajic","@id":"https:\/\/www.evropskakuca.me\/me\/#\/schema\/person\/a1d0dcdaefe4a1cd1d60d200ea137ba4"},"headline":"Odabrano 25 polaznika \u0161kole &#8220;Evropsko demokratsko gra\u0111anstvo i solidarnost&#8221;","datePublished":"2020-09-27T14:01:07+00:00","dateModified":"2025-01-21T12:03:15+00:00","mainEntityOfPage":{"@id":"https:\/\/www.evropskakuca.me\/me\/odabrano-25-polaznika-skole-evropsko-demokratsko-gradanstvo-i-solidarnost\/"},"wordCount":288,"publisher":{"@id":"https:\/\/www.evropskakuca.me\/me\/#organization"},"articleSection":["Novosti"],"inLanguage":"me-ME"},{"@type":"WebPage","@id":"https:\/\/www.evropskakuca.me\/me\/odabrano-25-polaznika-skole-evropsko-demokratsko-gradanstvo-i-solidarnost\/","url":"https:\/\/www.evropskakuca.me\/me\/odabrano-25-polaznika-skole-evropsko-demokratsko-gradanstvo-i-solidarnost\/","name":"Odabrano 25 polaznika \u0161kole \"Evropsko demokratsko gra\u0111anstvo i solidarnost'' - Europe House","isPartOf":{"@id":"https:\/\/www.evropskakuca.me\/me\/#website"},"datePublished":"2020-09-27T14:01:07+00:00","dateModified":"2025-01-21T12:03:15+00:00","breadcrumb":{"@id":"https:\/\/www.evropskakuca.me\/me\/odabrano-25-polaznika-skole-evropsko-demokratsko-gradanstvo-i-solidarnost\/#breadcrumb"},"inLanguage":"me-ME","potentialAction":[{"@type":"ReadAction","target":["https:\/\/www.evropskakuca.me\/me\/odabrano-25-polaznika-skole-evropsko-demokratsko-gradanstvo-i-solidarnost\/"]}]},{"@type":"BreadcrumbList","@id":"https:\/\/www.evropskakuca.me\/me\/odabrano-25-polaznika-skole-evropsko-demokratsko-gradanstvo-i-solidarnost\/#breadcrumb","itemListElement":[{"@type":"ListItem","position":1,"name":"Home","item":"https:\/\/www.evropskakuca.me\/me\/"},{"@type":"ListItem","position":2,"name":"Odabrano 25 polaznika \u0161kole &#8220;Evropsko demokratsko gra\u0111anstvo i solidarnost&#8221;"}]},{"@type":"WebSite","@id":"https:\/\/www.evropskakuca.me\/me\/#website","url":"https:\/\/www.evropskakuca.me\/me\/","name":"Evropean house","description":"","publisher":{"@id":"https:\/\/www.evropskakuca.me\/me\/#organization"},"potentialAction":[{"@type":"SearchAction","target":{"@type":"EntryPoint","urlTemplate":"https:\/\/www.evropskakuca.me\/me\/?s={search_term_string}"},"query-input":{"@type":"PropertyValueSpecification","valueRequired":true,"valueName":"search_term_string"}}],"inLanguage":"me-ME"},{"@type":"Organization","@id":"https:\/\/www.evropskakuca.me\/me\/#organization","name":"Evropean house","url":"https:\/\/www.evropskakuca.me\/me\/","logo":{"@type":"ImageObject","inLanguage":"me-ME","@id":"https:\/\/www.evropskakuca.me\/me\/#\/schema\/logo\/image\/","url":"https:\/\/www.evropskakuca.me\/wp-content\/uploads\/2025\/01\/evropska-kuca-logo-1.png","contentUrl":"https:\/\/www.evropskakuca.me\/wp-content\/uploads\/2025\/01\/evropska-kuca-logo-1.png","width":425,"height":312,"caption":"Evropean house"},"image":{"@id":"https:\/\/www.evropskakuca.me\/me\/#\/schema\/logo\/image\/"},"sameAs":["https:\/\/www.facebook.com\/evropska.kuca","https:\/\/x.com\/evropska_kuca","https:\/\/www.instagram.com\/evropska_kuca"]},{"@type":"Person","@id":"https:\/\/www.evropskakuca.me\/me\/#\/schema\/person\/a1d0dcdaefe4a1cd1d60d200ea137ba4","name":"mkajic","image":{"@type":"ImageObject","inLanguage":"me-ME","@id":"https:\/\/secure.gravatar.com\/avatar\/731fa035cefab7316e6bafd1f25a93fb731a07de14e2d9923f8db4422628eabc?s=96&d=mm&r=g","url":"https:\/\/secure.gravatar.com\/avatar\/731fa035cefab7316e6bafd1f25a93fb731a07de14e2d9923f8db4422628eabc?s=96&d=mm&r=g","contentUrl":"https:\/\/secure.gravatar.com\/avatar\/731fa035cefab7316e6bafd1f25a93fb731a07de14e2d9923f8db4422628eabc?s=96&d=mm&r=g","caption":"mkajic"},"sameAs":["https:\/\/evropskakuca.me"],"url":"https:\/\/www.evropskakuca.me\/me\/author\/mkajic\/"}]}},"_links":{"self":[{"href":"https:\/\/www.evropskakuca.me\/me\/wp-json\/wp\/v2\/posts\/10379","targetHints":{"allow":["GET"]}}],"collection":[{"href":"https:\/\/www.evropskakuca.me\/me\/wp-json\/wp\/v2\/posts"}],"about":[{"href":"https:\/\/www.evropskakuca.me\/me\/wp-json\/wp\/v2\/types\/post"}],"author":[{"embeddable":true,"href":"https:\/\/www.evropskakuca.me\/me\/wp-json\/wp\/v2\/users\/1"}],"replies":[{"embeddable":true,"href":"https:\/\/www.evropskakuca.me\/me\/wp-json\/wp\/v2\/comments?post=10379"}],"version-history":[{"count":1,"href":"https:\/\/www.evropskakuca.me\/me\/wp-json\/wp\/v2\/posts\/10379\/revisions"}],"predecessor-version":[{"id":42494,"href":"https:\/\/www.evropskakuca.me\/me\/wp-json\/wp\/v2\/posts\/10379\/revisions\/42494"}],"wp:attachment":[{"href":"https:\/\/www.evropskakuca.me\/me\/wp-json\/wp\/v2\/media?parent=10379"}],"wp:term":[{"taxonomy":"category","embeddable":true,"href":"https:\/\/www.evropskakuca.me\/me\/wp-json\/wp\/v2\/categories?post=10379"},{"taxonomy":"post_tag","embeddable":true,"href":"https:\/\/www.evropskakuca.me\/me\/wp-json\/wp\/v2\/tags?post=10379"}],"curies":[{"name":"wp","href":"https:\/\/api.w.org\/{rel}","templated":true}]}}