{"id":10375,"date":"2020-09-29T23:06:23","date_gmt":"2020-09-29T23:06:23","guid":{"rendered":"http:\/\/www.evropskakuca.me\/?p=10375"},"modified":"2020-09-29T23:06:23","modified_gmt":"2020-09-29T23:06:23","slug":"podizanje-cilja-eu-za-smanjenje-stetnih-emisija-do-2030-godine-neophodno-i-izvodljivo","status":"publish","type":"post","link":"https:\/\/www.evropskakuca.me\/me\/podizanje-cilja-eu-za-smanjenje-stetnih-emisija-do-2030-godine-neophodno-i-izvodljivo\/","title":{"rendered":"Podizanje cilja EU za smanjenje \u0161tetnih emisija do 2030. Godine, neophodno i izvodljivo"},"content":{"rendered":"<p>Odbor za \u017eivotnu sredinu, javno zdravlje i bezbjednost hrane odr\u017eao je debatu sa gospodinom Fransom Timmermansom, izvr\u0161nim potpredsjednikom Komisije, o ja\u010danju evropskih klimatskih ambicija do 2030. godine.<\/p>\n<p>Komesar Timmermans je predstavio plan Komisije za smanjenje emisije gasova staklene ba\u0161te u EU za najmanje 55% do 2030. godine u pore\u0111enju sa nivoima iz 1990. godine, kako je najavila predsednica Komisije Ursula von der Lejen 17. septembra u govoru o stanju Unije.<\/p>\n<p>Trenutno emisije \u0161tetnih gasova ne opadaju dovoljno brzo, rekao je gospodin Timmermans, ali je podvukao da je dostizanje karbonske neutralnosti izvodljivo i korisno za EU. Pozvao je Parlament da potvrdi predlo\u017eeni cilj od 55% do 2030. godine kao novi nacionalno utvr\u0111eni doprinos EU prema Pari\u0161kom sporazumu i da ga podnese UNFCCC-u do kraja ove godine.<\/p>\n<p>Predsjedavajuc\u0301i Pascal Canfin (Renev, FR) podsetio je poslanike da c\u0301e Plenarno zasjedanje glasati o izvje\u0161taju Odbora za \u017eivotnu sredinu o klimatskom zakonu EU, koji poziva na smanjenje emisije od 60% do 2030. godine.<\/p>\n<p>Nekoliko poslanika u Evropskom parlamentu izrazilo je zabrinutost da je novi cilj za 2030. koji je predlo\u017eila Komisija neto cilj, \u010dinec\u0301i ga manje ambicioznim, jer bi stvarna smanjenja bila manja jer bi se emisije uklonjene kroz \u00a0prirodnu preradu ugljenika tako\u0111e ubrajale u postizanje cilja. Gospodin Timmermans je odbranio neto cilj do 2030. godine, rekav\u0161i da je prirodna prerada ugljenika potrebna da bi se postigla neutralnost ugljenika i da je to u potpunosti u skladu sa me\u0111unarodnim obavezama.<\/p>\n<p>Poslanici EP tako\u0111e su ispitivali gospodina Timmermansa o vjerovatnoc\u0301i da c\u0301e druge zemlje koje nisu \u010dlanice EU slijediti primer EU i povec\u0301ati svoje klimatske ambicije. Gospodin Timmermans je odgovorio da klimatske akcije moramo u\u010diniti \u201etrkom ka vrhu\u201c, obavjestiv\u0161i poslanike da u mnogim zemljama postoje ili su u planu zanimljive inicijative za povec\u0301anje ambicija.<\/p>\n<p>Gospodin Timmermans je kona\u010dno obavjestio poslanike da c\u0301e Komisija do juna 2021. izraditi predloge za reviziju klju\u010dnog zakonodavstva EU, poput EU sistema za trgovanje emisijama, politike energetske efikasnosti i obnovljivih izvora energije i ja\u010danja standarda CO2 za drumska vozila kako bi EU mogla da postigne vi\u0161e nego ambiciozan cilj.<\/p>\n<p>U martu 2020. godine, Komisija je predlo\u017eila klimatski zakon EU kojim bi se stvorio zakonski zahtjev da EU postane klimatski neutralna do 2050. Godine, kao dio evropskog zelenog sporazuma. Ovo slijedi nakon odluke Evropskog savjeta iz decembra 2019. godine o prihvatanju cilja klimatske neutralnosti do 2050. godine. Komisija je 17. septembra izmijenila svoj predlog da bi se uklju\u010dio novi cilj smanjenja emisija do 2030. godine.<\/p>\n<p>Parlament je odigrao va\u017enu ulogu u zalaganju za ambicioznije zakonodavstvo EU o klimi i proglasio je klimatsku vanrednu situaciju 29. novembra 2019.<\/p>\n","protected":false},"excerpt":{"rendered":"<p>Plan Komisije za smanjenje emisije gasova staklene ba\u0161te u EU za najmanje 55% do 2030. godine<\/p>\n","protected":false},"author":1,"featured_media":35642,"comment_status":"closed","ping_status":"closed","sticky":false,"template":"","format":"standard","meta":{"_acf_changed":false,"footnotes":""},"categories":[283],"tags":[],"class_list":["post-10375","post","type-post","status-publish","format-standard","has-post-thumbnail","hentry","category-novosti-me"],"acf":[],"yoast_head":"<!-- This site is optimized with the Yoast SEO plugin v27.3 - https:\/\/yoast.com\/product\/yoast-seo-wordpress\/ -->\n<title>Podizanje cilja EU za smanjenje \u0161tetnih emisija do 2030. Godine, neophodno i izvodljivo - Europe House<\/title>\n<meta name=\"robots\" content=\"index, follow, max-snippet:-1, max-image-preview:large, max-video-preview:-1\" \/>\n<link rel=\"canonical\" href=\"https:\/\/www.evropskakuca.me\/me\/podizanje-cilja-eu-za-smanjenje-stetnih-emisija-do-2030-godine-neophodno-i-izvodljivo\/\" \/>\n<meta property=\"og:locale\" content=\"en_US\" \/>\n<meta property=\"og:type\" content=\"article\" \/>\n<meta property=\"og:title\" content=\"Podizanje cilja EU za smanjenje \u0161tetnih emisija do 2030. Godine, neophodno i izvodljivo - Europe House\" \/>\n<meta property=\"og:description\" content=\"Plan Komisije za smanjenje emisije gasova staklene ba\u0161te u EU za najmanje 55% do 2030. godine\" \/>\n<meta property=\"og:url\" content=\"https:\/\/www.evropskakuca.me\/me\/podizanje-cilja-eu-za-smanjenje-stetnih-emisija-do-2030-godine-neophodno-i-izvodljivo\/\" \/>\n<meta property=\"og:site_name\" content=\"Europe House\" \/>\n<meta property=\"article:publisher\" content=\"https:\/\/www.facebook.com\/evropska.kuca\" \/>\n<meta property=\"article:published_time\" content=\"2020-09-29T23:06:23+00:00\" \/>\n<meta property=\"og:image\" content=\"https:\/\/www.evropskakuca.me\/wp-content\/uploads\/2020\/09\/industry-1752876_1920.png\" \/>\n\t<meta property=\"og:image:width\" content=\"1920\" \/>\n\t<meta property=\"og:image:height\" content=\"1279\" \/>\n\t<meta property=\"og:image:type\" content=\"image\/png\" \/>\n<meta name=\"author\" content=\"mkajic\" \/>\n<meta name=\"twitter:card\" content=\"summary_large_image\" \/>\n<meta name=\"twitter:creator\" content=\"@evropska_kuca\" \/>\n<meta name=\"twitter:site\" content=\"@evropska_kuca\" \/>\n<meta name=\"twitter:label1\" content=\"Written by\" \/>\n\t<meta name=\"twitter:data1\" content=\"mkajic\" \/>\n\t<meta name=\"twitter:label2\" content=\"Est. reading time\" \/>\n\t<meta name=\"twitter:data2\" content=\"2 minutes\" \/>\n<script type=\"application\/ld+json\" class=\"yoast-schema-graph\">{\"@context\":\"https:\\\/\\\/schema.org\",\"@graph\":[{\"@type\":\"Article\",\"@id\":\"https:\\\/\\\/www.evropskakuca.me\\\/me\\\/podizanje-cilja-eu-za-smanjenje-stetnih-emisija-do-2030-godine-neophodno-i-izvodljivo\\\/#article\",\"isPartOf\":{\"@id\":\"https:\\\/\\\/www.evropskakuca.me\\\/me\\\/podizanje-cilja-eu-za-smanjenje-stetnih-emisija-do-2030-godine-neophodno-i-izvodljivo\\\/\"},\"author\":{\"name\":\"mkajic\",\"@id\":\"https:\\\/\\\/www.evropskakuca.me\\\/me\\\/#\\\/schema\\\/person\\\/a1d0dcdaefe4a1cd1d60d200ea137ba4\"},\"headline\":\"Podizanje cilja EU za smanjenje \u0161tetnih emisija do 2030. Godine, neophodno i izvodljivo\",\"datePublished\":\"2020-09-29T23:06:23+00:00\",\"mainEntityOfPage\":{\"@id\":\"https:\\\/\\\/www.evropskakuca.me\\\/me\\\/podizanje-cilja-eu-za-smanjenje-stetnih-emisija-do-2030-godine-neophodno-i-izvodljivo\\\/\"},\"wordCount\":447,\"publisher\":{\"@id\":\"https:\\\/\\\/www.evropskakuca.me\\\/me\\\/#organization\"},\"image\":{\"@id\":\"https:\\\/\\\/www.evropskakuca.me\\\/me\\\/podizanje-cilja-eu-za-smanjenje-stetnih-emisija-do-2030-godine-neophodno-i-izvodljivo\\\/#primaryimage\"},\"thumbnailUrl\":\"https:\\\/\\\/www.evropskakuca.me\\\/wp-content\\\/uploads\\\/2020\\\/09\\\/industry-1752876_1920.png\",\"articleSection\":[\"Novosti\"],\"inLanguage\":\"me-ME\"},{\"@type\":\"WebPage\",\"@id\":\"https:\\\/\\\/www.evropskakuca.me\\\/me\\\/podizanje-cilja-eu-za-smanjenje-stetnih-emisija-do-2030-godine-neophodno-i-izvodljivo\\\/\",\"url\":\"https:\\\/\\\/www.evropskakuca.me\\\/me\\\/podizanje-cilja-eu-za-smanjenje-stetnih-emisija-do-2030-godine-neophodno-i-izvodljivo\\\/\",\"name\":\"Podizanje cilja EU za smanjenje \u0161tetnih emisija do 2030. Godine, neophodno i izvodljivo - Europe House\",\"isPartOf\":{\"@id\":\"https:\\\/\\\/www.evropskakuca.me\\\/me\\\/#website\"},\"primaryImageOfPage\":{\"@id\":\"https:\\\/\\\/www.evropskakuca.me\\\/me\\\/podizanje-cilja-eu-za-smanjenje-stetnih-emisija-do-2030-godine-neophodno-i-izvodljivo\\\/#primaryimage\"},\"image\":{\"@id\":\"https:\\\/\\\/www.evropskakuca.me\\\/me\\\/podizanje-cilja-eu-za-smanjenje-stetnih-emisija-do-2030-godine-neophodno-i-izvodljivo\\\/#primaryimage\"},\"thumbnailUrl\":\"https:\\\/\\\/www.evropskakuca.me\\\/wp-content\\\/uploads\\\/2020\\\/09\\\/industry-1752876_1920.png\",\"datePublished\":\"2020-09-29T23:06:23+00:00\",\"breadcrumb\":{\"@id\":\"https:\\\/\\\/www.evropskakuca.me\\\/me\\\/podizanje-cilja-eu-za-smanjenje-stetnih-emisija-do-2030-godine-neophodno-i-izvodljivo\\\/#breadcrumb\"},\"inLanguage\":\"me-ME\",\"potentialAction\":[{\"@type\":\"ReadAction\",\"target\":[\"https:\\\/\\\/www.evropskakuca.me\\\/me\\\/podizanje-cilja-eu-za-smanjenje-stetnih-emisija-do-2030-godine-neophodno-i-izvodljivo\\\/\"]}]},{\"@type\":\"ImageObject\",\"inLanguage\":\"me-ME\",\"@id\":\"https:\\\/\\\/www.evropskakuca.me\\\/me\\\/podizanje-cilja-eu-za-smanjenje-stetnih-emisija-do-2030-godine-neophodno-i-izvodljivo\\\/#primaryimage\",\"url\":\"https:\\\/\\\/www.evropskakuca.me\\\/wp-content\\\/uploads\\\/2020\\\/09\\\/industry-1752876_1920.png\",\"contentUrl\":\"https:\\\/\\\/www.evropskakuca.me\\\/wp-content\\\/uploads\\\/2020\\\/09\\\/industry-1752876_1920.png\",\"width\":1920,\"height\":1279},{\"@type\":\"BreadcrumbList\",\"@id\":\"https:\\\/\\\/www.evropskakuca.me\\\/me\\\/podizanje-cilja-eu-za-smanjenje-stetnih-emisija-do-2030-godine-neophodno-i-izvodljivo\\\/#breadcrumb\",\"itemListElement\":[{\"@type\":\"ListItem\",\"position\":1,\"name\":\"Home\",\"item\":\"https:\\\/\\\/www.evropskakuca.me\\\/me\\\/\"},{\"@type\":\"ListItem\",\"position\":2,\"name\":\"Podizanje cilja EU za smanjenje \u0161tetnih emisija do 2030. Godine, neophodno i izvodljivo\"}]},{\"@type\":\"WebSite\",\"@id\":\"https:\\\/\\\/www.evropskakuca.me\\\/me\\\/#website\",\"url\":\"https:\\\/\\\/www.evropskakuca.me\\\/me\\\/\",\"name\":\"Evropean house\",\"description\":\"\",\"publisher\":{\"@id\":\"https:\\\/\\\/www.evropskakuca.me\\\/me\\\/#organization\"},\"potentialAction\":[{\"@type\":\"SearchAction\",\"target\":{\"@type\":\"EntryPoint\",\"urlTemplate\":\"https:\\\/\\\/www.evropskakuca.me\\\/me\\\/?s={search_term_string}\"},\"query-input\":{\"@type\":\"PropertyValueSpecification\",\"valueRequired\":true,\"valueName\":\"search_term_string\"}}],\"inLanguage\":\"me-ME\"},{\"@type\":\"Organization\",\"@id\":\"https:\\\/\\\/www.evropskakuca.me\\\/me\\\/#organization\",\"name\":\"Evropean house\",\"url\":\"https:\\\/\\\/www.evropskakuca.me\\\/me\\\/\",\"logo\":{\"@type\":\"ImageObject\",\"inLanguage\":\"me-ME\",\"@id\":\"https:\\\/\\\/www.evropskakuca.me\\\/me\\\/#\\\/schema\\\/logo\\\/image\\\/\",\"url\":\"https:\\\/\\\/www.evropskakuca.me\\\/wp-content\\\/uploads\\\/2025\\\/01\\\/evropska-kuca-logo-1.png\",\"contentUrl\":\"https:\\\/\\\/www.evropskakuca.me\\\/wp-content\\\/uploads\\\/2025\\\/01\\\/evropska-kuca-logo-1.png\",\"width\":425,\"height\":312,\"caption\":\"Evropean house\"},\"image\":{\"@id\":\"https:\\\/\\\/www.evropskakuca.me\\\/me\\\/#\\\/schema\\\/logo\\\/image\\\/\"},\"sameAs\":[\"https:\\\/\\\/www.facebook.com\\\/evropska.kuca\",\"https:\\\/\\\/x.com\\\/evropska_kuca\",\"https:\\\/\\\/www.instagram.com\\\/evropska_kuca\"]},{\"@type\":\"Person\",\"@id\":\"https:\\\/\\\/www.evropskakuca.me\\\/me\\\/#\\\/schema\\\/person\\\/a1d0dcdaefe4a1cd1d60d200ea137ba4\",\"name\":\"mkajic\",\"image\":{\"@type\":\"ImageObject\",\"inLanguage\":\"me-ME\",\"@id\":\"https:\\\/\\\/secure.gravatar.com\\\/avatar\\\/731fa035cefab7316e6bafd1f25a93fb731a07de14e2d9923f8db4422628eabc?s=96&d=mm&r=g\",\"url\":\"https:\\\/\\\/secure.gravatar.com\\\/avatar\\\/731fa035cefab7316e6bafd1f25a93fb731a07de14e2d9923f8db4422628eabc?s=96&d=mm&r=g\",\"contentUrl\":\"https:\\\/\\\/secure.gravatar.com\\\/avatar\\\/731fa035cefab7316e6bafd1f25a93fb731a07de14e2d9923f8db4422628eabc?s=96&d=mm&r=g\",\"caption\":\"mkajic\"},\"sameAs\":[\"https:\\\/\\\/evropskakuca.me\"],\"url\":\"https:\\\/\\\/www.evropskakuca.me\\\/me\\\/author\\\/mkajic\\\/\"}]}<\/script>\n<!-- \/ Yoast SEO plugin. -->","yoast_head_json":{"title":"Podizanje cilja EU za smanjenje \u0161tetnih emisija do 2030. Godine, neophodno i izvodljivo - Europe House","robots":{"index":"index","follow":"follow","max-snippet":"max-snippet:-1","max-image-preview":"max-image-preview:large","max-video-preview":"max-video-preview:-1"},"canonical":"https:\/\/www.evropskakuca.me\/me\/podizanje-cilja-eu-za-smanjenje-stetnih-emisija-do-2030-godine-neophodno-i-izvodljivo\/","og_locale":"en_US","og_type":"article","og_title":"Podizanje cilja EU za smanjenje \u0161tetnih emisija do 2030. Godine, neophodno i izvodljivo - Europe House","og_description":"Plan Komisije za smanjenje emisije gasova staklene ba\u0161te u EU za najmanje 55% do 2030. godine","og_url":"https:\/\/www.evropskakuca.me\/me\/podizanje-cilja-eu-za-smanjenje-stetnih-emisija-do-2030-godine-neophodno-i-izvodljivo\/","og_site_name":"Europe House","article_publisher":"https:\/\/www.facebook.com\/evropska.kuca","article_published_time":"2020-09-29T23:06:23+00:00","og_image":[{"width":1920,"height":1279,"url":"https:\/\/www.evropskakuca.me\/wp-content\/uploads\/2020\/09\/industry-1752876_1920.png","type":"image\/png"}],"author":"mkajic","twitter_card":"summary_large_image","twitter_creator":"@evropska_kuca","twitter_site":"@evropska_kuca","twitter_misc":{"Written by":"mkajic","Est. reading time":"2 minutes"},"schema":{"@context":"https:\/\/schema.org","@graph":[{"@type":"Article","@id":"https:\/\/www.evropskakuca.me\/me\/podizanje-cilja-eu-za-smanjenje-stetnih-emisija-do-2030-godine-neophodno-i-izvodljivo\/#article","isPartOf":{"@id":"https:\/\/www.evropskakuca.me\/me\/podizanje-cilja-eu-za-smanjenje-stetnih-emisija-do-2030-godine-neophodno-i-izvodljivo\/"},"author":{"name":"mkajic","@id":"https:\/\/www.evropskakuca.me\/me\/#\/schema\/person\/a1d0dcdaefe4a1cd1d60d200ea137ba4"},"headline":"Podizanje cilja EU za smanjenje \u0161tetnih emisija do 2030. Godine, neophodno i izvodljivo","datePublished":"2020-09-29T23:06:23+00:00","mainEntityOfPage":{"@id":"https:\/\/www.evropskakuca.me\/me\/podizanje-cilja-eu-za-smanjenje-stetnih-emisija-do-2030-godine-neophodno-i-izvodljivo\/"},"wordCount":447,"publisher":{"@id":"https:\/\/www.evropskakuca.me\/me\/#organization"},"image":{"@id":"https:\/\/www.evropskakuca.me\/me\/podizanje-cilja-eu-za-smanjenje-stetnih-emisija-do-2030-godine-neophodno-i-izvodljivo\/#primaryimage"},"thumbnailUrl":"https:\/\/www.evropskakuca.me\/wp-content\/uploads\/2020\/09\/industry-1752876_1920.png","articleSection":["Novosti"],"inLanguage":"me-ME"},{"@type":"WebPage","@id":"https:\/\/www.evropskakuca.me\/me\/podizanje-cilja-eu-za-smanjenje-stetnih-emisija-do-2030-godine-neophodno-i-izvodljivo\/","url":"https:\/\/www.evropskakuca.me\/me\/podizanje-cilja-eu-za-smanjenje-stetnih-emisija-do-2030-godine-neophodno-i-izvodljivo\/","name":"Podizanje cilja EU za smanjenje \u0161tetnih emisija do 2030. Godine, neophodno i izvodljivo - Europe House","isPartOf":{"@id":"https:\/\/www.evropskakuca.me\/me\/#website"},"primaryImageOfPage":{"@id":"https:\/\/www.evropskakuca.me\/me\/podizanje-cilja-eu-za-smanjenje-stetnih-emisija-do-2030-godine-neophodno-i-izvodljivo\/#primaryimage"},"image":{"@id":"https:\/\/www.evropskakuca.me\/me\/podizanje-cilja-eu-za-smanjenje-stetnih-emisija-do-2030-godine-neophodno-i-izvodljivo\/#primaryimage"},"thumbnailUrl":"https:\/\/www.evropskakuca.me\/wp-content\/uploads\/2020\/09\/industry-1752876_1920.png","datePublished":"2020-09-29T23:06:23+00:00","breadcrumb":{"@id":"https:\/\/www.evropskakuca.me\/me\/podizanje-cilja-eu-za-smanjenje-stetnih-emisija-do-2030-godine-neophodno-i-izvodljivo\/#breadcrumb"},"inLanguage":"me-ME","potentialAction":[{"@type":"ReadAction","target":["https:\/\/www.evropskakuca.me\/me\/podizanje-cilja-eu-za-smanjenje-stetnih-emisija-do-2030-godine-neophodno-i-izvodljivo\/"]}]},{"@type":"ImageObject","inLanguage":"me-ME","@id":"https:\/\/www.evropskakuca.me\/me\/podizanje-cilja-eu-za-smanjenje-stetnih-emisija-do-2030-godine-neophodno-i-izvodljivo\/#primaryimage","url":"https:\/\/www.evropskakuca.me\/wp-content\/uploads\/2020\/09\/industry-1752876_1920.png","contentUrl":"https:\/\/www.evropskakuca.me\/wp-content\/uploads\/2020\/09\/industry-1752876_1920.png","width":1920,"height":1279},{"@type":"BreadcrumbList","@id":"https:\/\/www.evropskakuca.me\/me\/podizanje-cilja-eu-za-smanjenje-stetnih-emisija-do-2030-godine-neophodno-i-izvodljivo\/#breadcrumb","itemListElement":[{"@type":"ListItem","position":1,"name":"Home","item":"https:\/\/www.evropskakuca.me\/me\/"},{"@type":"ListItem","position":2,"name":"Podizanje cilja EU za smanjenje \u0161tetnih emisija do 2030. Godine, neophodno i izvodljivo"}]},{"@type":"WebSite","@id":"https:\/\/www.evropskakuca.me\/me\/#website","url":"https:\/\/www.evropskakuca.me\/me\/","name":"Evropean house","description":"","publisher":{"@id":"https:\/\/www.evropskakuca.me\/me\/#organization"},"potentialAction":[{"@type":"SearchAction","target":{"@type":"EntryPoint","urlTemplate":"https:\/\/www.evropskakuca.me\/me\/?s={search_term_string}"},"query-input":{"@type":"PropertyValueSpecification","valueRequired":true,"valueName":"search_term_string"}}],"inLanguage":"me-ME"},{"@type":"Organization","@id":"https:\/\/www.evropskakuca.me\/me\/#organization","name":"Evropean house","url":"https:\/\/www.evropskakuca.me\/me\/","logo":{"@type":"ImageObject","inLanguage":"me-ME","@id":"https:\/\/www.evropskakuca.me\/me\/#\/schema\/logo\/image\/","url":"https:\/\/www.evropskakuca.me\/wp-content\/uploads\/2025\/01\/evropska-kuca-logo-1.png","contentUrl":"https:\/\/www.evropskakuca.me\/wp-content\/uploads\/2025\/01\/evropska-kuca-logo-1.png","width":425,"height":312,"caption":"Evropean house"},"image":{"@id":"https:\/\/www.evropskakuca.me\/me\/#\/schema\/logo\/image\/"},"sameAs":["https:\/\/www.facebook.com\/evropska.kuca","https:\/\/x.com\/evropska_kuca","https:\/\/www.instagram.com\/evropska_kuca"]},{"@type":"Person","@id":"https:\/\/www.evropskakuca.me\/me\/#\/schema\/person\/a1d0dcdaefe4a1cd1d60d200ea137ba4","name":"mkajic","image":{"@type":"ImageObject","inLanguage":"me-ME","@id":"https:\/\/secure.gravatar.com\/avatar\/731fa035cefab7316e6bafd1f25a93fb731a07de14e2d9923f8db4422628eabc?s=96&d=mm&r=g","url":"https:\/\/secure.gravatar.com\/avatar\/731fa035cefab7316e6bafd1f25a93fb731a07de14e2d9923f8db4422628eabc?s=96&d=mm&r=g","contentUrl":"https:\/\/secure.gravatar.com\/avatar\/731fa035cefab7316e6bafd1f25a93fb731a07de14e2d9923f8db4422628eabc?s=96&d=mm&r=g","caption":"mkajic"},"sameAs":["https:\/\/evropskakuca.me"],"url":"https:\/\/www.evropskakuca.me\/me\/author\/mkajic\/"}]}},"_links":{"self":[{"href":"https:\/\/www.evropskakuca.me\/me\/wp-json\/wp\/v2\/posts\/10375","targetHints":{"allow":["GET"]}}],"collection":[{"href":"https:\/\/www.evropskakuca.me\/me\/wp-json\/wp\/v2\/posts"}],"about":[{"href":"https:\/\/www.evropskakuca.me\/me\/wp-json\/wp\/v2\/types\/post"}],"author":[{"embeddable":true,"href":"https:\/\/www.evropskakuca.me\/me\/wp-json\/wp\/v2\/users\/1"}],"replies":[{"embeddable":true,"href":"https:\/\/www.evropskakuca.me\/me\/wp-json\/wp\/v2\/comments?post=10375"}],"version-history":[{"count":0,"href":"https:\/\/www.evropskakuca.me\/me\/wp-json\/wp\/v2\/posts\/10375\/revisions"}],"wp:featuredmedia":[{"embeddable":true,"href":"https:\/\/www.evropskakuca.me\/me\/wp-json\/wp\/v2\/media\/35642"}],"wp:attachment":[{"href":"https:\/\/www.evropskakuca.me\/me\/wp-json\/wp\/v2\/media?parent=10375"}],"wp:term":[{"taxonomy":"category","embeddable":true,"href":"https:\/\/www.evropskakuca.me\/me\/wp-json\/wp\/v2\/categories?post=10375"},{"taxonomy":"post_tag","embeddable":true,"href":"https:\/\/www.evropskakuca.me\/me\/wp-json\/wp\/v2\/tags?post=10375"}],"curies":[{"name":"wp","href":"https:\/\/api.w.org\/{rel}","templated":true}]}}