{"id":10363,"date":"2020-09-23T08:15:07","date_gmt":"2020-09-23T08:15:07","guid":{"rendered":"http:\/\/www.evropskakuca.me\/?p=10363"},"modified":"2020-09-23T08:15:07","modified_gmt":"2020-09-23T08:15:07","slug":"raspisan-poziv-za-dodjelu-bespovratnih-sredstava-za-zaposljavanje","status":"publish","type":"post","link":"https:\/\/www.evropskakuca.me\/me\/raspisan-poziv-za-dodjelu-bespovratnih-sredstava-za-zaposljavanje\/","title":{"rendered":"Raspisan Poziv za dodjelu bespovratnih sredstava za zapo\u0161ljavanje"},"content":{"rendered":"<p>Ministarstvo rada i socijalnog staranja, Ministarstvo finansija i Direktorat za finansiranjei \u00a0ugovaranje sredstava EU pomo\u0107i, uz podr\u0161ku Delegacije EU u Crnoj Gori, raspisali su Poziv za dodjelu bespovratnih sredstava za otvaranje novih radnih mjesta i pove\u0107anje zaposlenosti u manje razvijenim gradovima. Poziv je vrijedan 2,7 miliona eura, od kojih poslodavci za svoje projekte pojedina\u010dno mogu da dobiju od 180 hiljada do 550 hiljada eura, koje nikada ne moraju da vrate.<\/p>\n<p>Poziv je otvoren za poslodavce, mala i srednja preduze\u0107a u privatnom sektoru, u Danilovgradu, Nik\u0161i\u0107u, Cetinju, \u017dabljaku, Ulcinju, Plu\u017einama, Pljevljima, Kola\u0161inu, Mojkovcu, \u0160avniku, Bijelom Polju, Beranama, Ro\u017eajama, Plavu, Gusinju Andrijevici i Petnjici.<\/p>\n<p>\u201eCiljna grupa ovog Poziva su poslodavci koji pripadaju privatnom sektoru, dok su krajnji korisnici nezaposlena lica u pomenutim podru\u010djima. Klju\u010dnu ulogu u ovom Pozivu ima\u0107e lokalne uprave, udru\u017eenja poslodavaca i ostale organizacije koje poma\u017eu razvoj biznisa i koje na najbolji na\u010din poznaju potrebe poslodavaca i nezaposlenih lica na lokalnim tr\u017ei\u0161tima rada\u201c, pojasnila je Ljiljana Simovi\u0107 iz Ministarstvu rada i socijalnog staranja na konferenciji za medije, koja je organizovana povodom otvaranja Poziva.<\/p>\n<p>Zainteresovani poslodavci mogu saznati vi\u0161e o pozivu tokom Info dana, koji \u0107e biti organizovani na \u017dabljaku 30. septembra, u Ulcinju 2. oktobra, Andrijevici 5. oktobra i Mojkovcu 7. oktobra. U narednom periodu bi\u0107e organizovane i radionice, na kojima \u0107e poslodavci dobiti podr\u0161ku u pripremi koncepta i popunjavanja aplikacija.<\/p>\n<p>Poziv za dodjelu bespovratnih sredstava dio je \u0161ireg Programa EU i CG za zapo\u0161ljavanje, obrazovanje i socijalnu za\u0161titu. Ministar rada i socijalnog staranja Kemal Puri\u0161i\u0107 podsjetio je da je ve\u0107ina aktivnosti iz ovog programa ve\u0107 realizovana kroz ranije pozive, uz podr\u0161ku Delegacije EU i Evropske komisije.<\/p>\n<p>\u201eZa razli\u010dite aktivnosti, u cilju pove\u0107anja zapo\u0161ljivosti i otvaranja novih radnih mjesta izdvojeno je 8,7 miliona eura, i to 3,5 miliona za pokretanje poziva za dodjelu bespovratnih sredstava nezaposlenim licima za pokretanje sopstvenog biznisa, koji realizuje Zavod za zapo\u0161ljavanje, 1,6 miliona opredijeljeno je za podr\u0161ku osposobljavanju i zapo\u0161ljavanju nezaposlenih lica u deficitarnim zanimanjima u Crnoj Gori, kao i zapo\u0161ljavanje RE populacije, dok je 470 hiljada eura opredijeljeno za uspostavljanje lokalnih partnerstava za zapo\u0161ljavanje\u201c, naveo je Puri\u0161i\u0107.<\/p>\n<p>Pomenute aktivnosti iz oblasti zapo\u0161ljavanja, obrazovanja i socijalne za\u0161tite bi\u0107e nastavljene i tokom realizacije novog Akcionog dokumenta Podr\u0161ka pametnom i inkluzivnom rastu\u2013 obrazovanje, zapo\u0161ljavanje i socijalna inkluzija 2020, koji se odnosi na dugotrajno nezaposlena lica, s naglaskom na korisnike socijalne pomo\u0107i, \u017eene, mlade i osobe s invaliditetom.<\/p>\n<p>Predstavnik Delegacije Evropske unije u Crnoj Gori, Miguel Magro Gomez, kazao je da pokretanje Poziva dolazi u pravo vrijeme.<\/p>\n<p>\u201eKriza koronavirusa donijela je dodatne pote\u0161ko\u0107e za ionako ranjivi Sjever i druge manje razvijene djelove zemlje. Drago mi je \u0161to smo uspjeli da dodijelimo tako va\u017enu sumu za ovaj poziv i siguran sam da \u0107e donijeti dobre rezultate. Od izbijanja epidemije COVID-19, Evropska unija je jasno pokazala da Crna Gora nije sama u ovoj borbi. Pokazali smo solidarnost i dodelili 53 miliona eura neposredne i dugoro\u010dne podr\u0161ke za ubla\u017eavanje zdravstvenih, ekonomskih i socijalnih posljedica krize\u201c, kazao je Magro Gomez.<\/p>\n<p>Poziv Podr\u0161ka zapo\u0161ljavanju u manje razvijenim op\u0161tinama u Crnoj Gori dio je 18 miliona eura vrijednog Programa Evropske unije i Crne Gore za sektore zapo\u0161ljavanja, obrazovanja i socijalne inkluzije. U ovom Programu Evropska unija u\u010destvuje sa 15,3 miliona eura, a Vlada sa 2,7 miliona eura.<\/p>\n","protected":false},"excerpt":{"rendered":"<p>Nova prilika za poslodavce iz manje razvijenih op\u0161tina<\/p>\n","protected":false},"author":1,"featured_media":35646,"comment_status":"closed","ping_status":"closed","sticky":false,"template":"","format":"standard","meta":{"_acf_changed":false,"footnotes":""},"categories":[283],"tags":[],"class_list":["post-10363","post","type-post","status-publish","format-standard","has-post-thumbnail","hentry","category-novosti-me"],"acf":[],"yoast_head":"<!-- This site is optimized with the Yoast SEO plugin v27.3 - https:\/\/yoast.com\/product\/yoast-seo-wordpress\/ -->\n<title>Raspisan Poziv za dodjelu bespovratnih sredstava za zapo\u0161ljavanje - Europe House<\/title>\n<meta name=\"robots\" content=\"index, follow, max-snippet:-1, max-image-preview:large, max-video-preview:-1\" \/>\n<link rel=\"canonical\" href=\"https:\/\/www.evropskakuca.me\/me\/raspisan-poziv-za-dodjelu-bespovratnih-sredstava-za-zaposljavanje\/\" \/>\n<meta property=\"og:locale\" content=\"en_US\" \/>\n<meta property=\"og:type\" content=\"article\" \/>\n<meta property=\"og:title\" content=\"Raspisan Poziv za dodjelu bespovratnih sredstava za zapo\u0161ljavanje - Europe House\" \/>\n<meta property=\"og:description\" content=\"Nova prilika za poslodavce iz manje razvijenih op\u0161tina\" \/>\n<meta property=\"og:url\" content=\"https:\/\/www.evropskakuca.me\/me\/raspisan-poziv-za-dodjelu-bespovratnih-sredstava-za-zaposljavanje\/\" \/>\n<meta property=\"og:site_name\" content=\"Europe House\" \/>\n<meta property=\"article:publisher\" content=\"https:\/\/www.facebook.com\/evropska.kuca\" \/>\n<meta property=\"article:published_time\" content=\"2020-09-23T08:15:07+00:00\" \/>\n<meta property=\"og:image\" content=\"https:\/\/www.evropskakuca.me\/wp-content\/uploads\/2020\/09\/migel-2.jpg\" \/>\n\t<meta property=\"og:image:width\" content=\"1566\" \/>\n\t<meta property=\"og:image:height\" content=\"892\" \/>\n\t<meta property=\"og:image:type\" content=\"image\/jpeg\" \/>\n<meta name=\"author\" content=\"mkajic\" \/>\n<meta name=\"twitter:card\" content=\"summary_large_image\" \/>\n<meta name=\"twitter:creator\" content=\"@evropska_kuca\" \/>\n<meta name=\"twitter:site\" content=\"@evropska_kuca\" \/>\n<meta name=\"twitter:label1\" content=\"Written by\" \/>\n\t<meta name=\"twitter:data1\" content=\"mkajic\" \/>\n\t<meta name=\"twitter:label2\" content=\"Est. reading time\" \/>\n\t<meta name=\"twitter:data2\" content=\"3 minutes\" \/>\n<script type=\"application\/ld+json\" class=\"yoast-schema-graph\">{\"@context\":\"https:\\\/\\\/schema.org\",\"@graph\":[{\"@type\":\"Article\",\"@id\":\"https:\\\/\\\/www.evropskakuca.me\\\/me\\\/raspisan-poziv-za-dodjelu-bespovratnih-sredstava-za-zaposljavanje\\\/#article\",\"isPartOf\":{\"@id\":\"https:\\\/\\\/www.evropskakuca.me\\\/me\\\/raspisan-poziv-za-dodjelu-bespovratnih-sredstava-za-zaposljavanje\\\/\"},\"author\":{\"name\":\"mkajic\",\"@id\":\"https:\\\/\\\/www.evropskakuca.me\\\/me\\\/#\\\/schema\\\/person\\\/a1d0dcdaefe4a1cd1d60d200ea137ba4\"},\"headline\":\"Raspisan Poziv za dodjelu bespovratnih sredstava za zapo\u0161ljavanje\",\"datePublished\":\"2020-09-23T08:15:07+00:00\",\"mainEntityOfPage\":{\"@id\":\"https:\\\/\\\/www.evropskakuca.me\\\/me\\\/raspisan-poziv-za-dodjelu-bespovratnih-sredstava-za-zaposljavanje\\\/\"},\"wordCount\":578,\"publisher\":{\"@id\":\"https:\\\/\\\/www.evropskakuca.me\\\/me\\\/#organization\"},\"image\":{\"@id\":\"https:\\\/\\\/www.evropskakuca.me\\\/me\\\/raspisan-poziv-za-dodjelu-bespovratnih-sredstava-za-zaposljavanje\\\/#primaryimage\"},\"thumbnailUrl\":\"https:\\\/\\\/www.evropskakuca.me\\\/wp-content\\\/uploads\\\/2020\\\/09\\\/migel-2.jpg\",\"articleSection\":[\"Novosti\"],\"inLanguage\":\"me-ME\"},{\"@type\":\"WebPage\",\"@id\":\"https:\\\/\\\/www.evropskakuca.me\\\/me\\\/raspisan-poziv-za-dodjelu-bespovratnih-sredstava-za-zaposljavanje\\\/\",\"url\":\"https:\\\/\\\/www.evropskakuca.me\\\/me\\\/raspisan-poziv-za-dodjelu-bespovratnih-sredstava-za-zaposljavanje\\\/\",\"name\":\"Raspisan Poziv za dodjelu bespovratnih sredstava za zapo\u0161ljavanje - Europe House\",\"isPartOf\":{\"@id\":\"https:\\\/\\\/www.evropskakuca.me\\\/me\\\/#website\"},\"primaryImageOfPage\":{\"@id\":\"https:\\\/\\\/www.evropskakuca.me\\\/me\\\/raspisan-poziv-za-dodjelu-bespovratnih-sredstava-za-zaposljavanje\\\/#primaryimage\"},\"image\":{\"@id\":\"https:\\\/\\\/www.evropskakuca.me\\\/me\\\/raspisan-poziv-za-dodjelu-bespovratnih-sredstava-za-zaposljavanje\\\/#primaryimage\"},\"thumbnailUrl\":\"https:\\\/\\\/www.evropskakuca.me\\\/wp-content\\\/uploads\\\/2020\\\/09\\\/migel-2.jpg\",\"datePublished\":\"2020-09-23T08:15:07+00:00\",\"breadcrumb\":{\"@id\":\"https:\\\/\\\/www.evropskakuca.me\\\/me\\\/raspisan-poziv-za-dodjelu-bespovratnih-sredstava-za-zaposljavanje\\\/#breadcrumb\"},\"inLanguage\":\"me-ME\",\"potentialAction\":[{\"@type\":\"ReadAction\",\"target\":[\"https:\\\/\\\/www.evropskakuca.me\\\/me\\\/raspisan-poziv-za-dodjelu-bespovratnih-sredstava-za-zaposljavanje\\\/\"]}]},{\"@type\":\"ImageObject\",\"inLanguage\":\"me-ME\",\"@id\":\"https:\\\/\\\/www.evropskakuca.me\\\/me\\\/raspisan-poziv-za-dodjelu-bespovratnih-sredstava-za-zaposljavanje\\\/#primaryimage\",\"url\":\"https:\\\/\\\/www.evropskakuca.me\\\/wp-content\\\/uploads\\\/2020\\\/09\\\/migel-2.jpg\",\"contentUrl\":\"https:\\\/\\\/www.evropskakuca.me\\\/wp-content\\\/uploads\\\/2020\\\/09\\\/migel-2.jpg\",\"width\":1566,\"height\":892},{\"@type\":\"BreadcrumbList\",\"@id\":\"https:\\\/\\\/www.evropskakuca.me\\\/me\\\/raspisan-poziv-za-dodjelu-bespovratnih-sredstava-za-zaposljavanje\\\/#breadcrumb\",\"itemListElement\":[{\"@type\":\"ListItem\",\"position\":1,\"name\":\"Home\",\"item\":\"https:\\\/\\\/www.evropskakuca.me\\\/me\\\/\"},{\"@type\":\"ListItem\",\"position\":2,\"name\":\"Raspisan Poziv za dodjelu bespovratnih sredstava za zapo\u0161ljavanje\"}]},{\"@type\":\"WebSite\",\"@id\":\"https:\\\/\\\/www.evropskakuca.me\\\/me\\\/#website\",\"url\":\"https:\\\/\\\/www.evropskakuca.me\\\/me\\\/\",\"name\":\"Evropean house\",\"description\":\"\",\"publisher\":{\"@id\":\"https:\\\/\\\/www.evropskakuca.me\\\/me\\\/#organization\"},\"potentialAction\":[{\"@type\":\"SearchAction\",\"target\":{\"@type\":\"EntryPoint\",\"urlTemplate\":\"https:\\\/\\\/www.evropskakuca.me\\\/me\\\/?s={search_term_string}\"},\"query-input\":{\"@type\":\"PropertyValueSpecification\",\"valueRequired\":true,\"valueName\":\"search_term_string\"}}],\"inLanguage\":\"me-ME\"},{\"@type\":\"Organization\",\"@id\":\"https:\\\/\\\/www.evropskakuca.me\\\/me\\\/#organization\",\"name\":\"Evropean house\",\"url\":\"https:\\\/\\\/www.evropskakuca.me\\\/me\\\/\",\"logo\":{\"@type\":\"ImageObject\",\"inLanguage\":\"me-ME\",\"@id\":\"https:\\\/\\\/www.evropskakuca.me\\\/me\\\/#\\\/schema\\\/logo\\\/image\\\/\",\"url\":\"https:\\\/\\\/www.evropskakuca.me\\\/wp-content\\\/uploads\\\/2025\\\/01\\\/evropska-kuca-logo-1.png\",\"contentUrl\":\"https:\\\/\\\/www.evropskakuca.me\\\/wp-content\\\/uploads\\\/2025\\\/01\\\/evropska-kuca-logo-1.png\",\"width\":425,\"height\":312,\"caption\":\"Evropean house\"},\"image\":{\"@id\":\"https:\\\/\\\/www.evropskakuca.me\\\/me\\\/#\\\/schema\\\/logo\\\/image\\\/\"},\"sameAs\":[\"https:\\\/\\\/www.facebook.com\\\/evropska.kuca\",\"https:\\\/\\\/x.com\\\/evropska_kuca\",\"https:\\\/\\\/www.instagram.com\\\/evropska_kuca\"]},{\"@type\":\"Person\",\"@id\":\"https:\\\/\\\/www.evropskakuca.me\\\/me\\\/#\\\/schema\\\/person\\\/a1d0dcdaefe4a1cd1d60d200ea137ba4\",\"name\":\"mkajic\",\"image\":{\"@type\":\"ImageObject\",\"inLanguage\":\"me-ME\",\"@id\":\"https:\\\/\\\/secure.gravatar.com\\\/avatar\\\/731fa035cefab7316e6bafd1f25a93fb731a07de14e2d9923f8db4422628eabc?s=96&d=mm&r=g\",\"url\":\"https:\\\/\\\/secure.gravatar.com\\\/avatar\\\/731fa035cefab7316e6bafd1f25a93fb731a07de14e2d9923f8db4422628eabc?s=96&d=mm&r=g\",\"contentUrl\":\"https:\\\/\\\/secure.gravatar.com\\\/avatar\\\/731fa035cefab7316e6bafd1f25a93fb731a07de14e2d9923f8db4422628eabc?s=96&d=mm&r=g\",\"caption\":\"mkajic\"},\"sameAs\":[\"https:\\\/\\\/evropskakuca.me\"],\"url\":\"https:\\\/\\\/www.evropskakuca.me\\\/me\\\/author\\\/mkajic\\\/\"}]}<\/script>\n<!-- \/ Yoast SEO plugin. -->","yoast_head_json":{"title":"Raspisan Poziv za dodjelu bespovratnih sredstava za zapo\u0161ljavanje - Europe House","robots":{"index":"index","follow":"follow","max-snippet":"max-snippet:-1","max-image-preview":"max-image-preview:large","max-video-preview":"max-video-preview:-1"},"canonical":"https:\/\/www.evropskakuca.me\/me\/raspisan-poziv-za-dodjelu-bespovratnih-sredstava-za-zaposljavanje\/","og_locale":"en_US","og_type":"article","og_title":"Raspisan Poziv za dodjelu bespovratnih sredstava za zapo\u0161ljavanje - Europe House","og_description":"Nova prilika za poslodavce iz manje razvijenih op\u0161tina","og_url":"https:\/\/www.evropskakuca.me\/me\/raspisan-poziv-za-dodjelu-bespovratnih-sredstava-za-zaposljavanje\/","og_site_name":"Europe House","article_publisher":"https:\/\/www.facebook.com\/evropska.kuca","article_published_time":"2020-09-23T08:15:07+00:00","og_image":[{"width":1566,"height":892,"url":"https:\/\/www.evropskakuca.me\/wp-content\/uploads\/2020\/09\/migel-2.jpg","type":"image\/jpeg"}],"author":"mkajic","twitter_card":"summary_large_image","twitter_creator":"@evropska_kuca","twitter_site":"@evropska_kuca","twitter_misc":{"Written by":"mkajic","Est. reading time":"3 minutes"},"schema":{"@context":"https:\/\/schema.org","@graph":[{"@type":"Article","@id":"https:\/\/www.evropskakuca.me\/me\/raspisan-poziv-za-dodjelu-bespovratnih-sredstava-za-zaposljavanje\/#article","isPartOf":{"@id":"https:\/\/www.evropskakuca.me\/me\/raspisan-poziv-za-dodjelu-bespovratnih-sredstava-za-zaposljavanje\/"},"author":{"name":"mkajic","@id":"https:\/\/www.evropskakuca.me\/me\/#\/schema\/person\/a1d0dcdaefe4a1cd1d60d200ea137ba4"},"headline":"Raspisan Poziv za dodjelu bespovratnih sredstava za zapo\u0161ljavanje","datePublished":"2020-09-23T08:15:07+00:00","mainEntityOfPage":{"@id":"https:\/\/www.evropskakuca.me\/me\/raspisan-poziv-za-dodjelu-bespovratnih-sredstava-za-zaposljavanje\/"},"wordCount":578,"publisher":{"@id":"https:\/\/www.evropskakuca.me\/me\/#organization"},"image":{"@id":"https:\/\/www.evropskakuca.me\/me\/raspisan-poziv-za-dodjelu-bespovratnih-sredstava-za-zaposljavanje\/#primaryimage"},"thumbnailUrl":"https:\/\/www.evropskakuca.me\/wp-content\/uploads\/2020\/09\/migel-2.jpg","articleSection":["Novosti"],"inLanguage":"me-ME"},{"@type":"WebPage","@id":"https:\/\/www.evropskakuca.me\/me\/raspisan-poziv-za-dodjelu-bespovratnih-sredstava-za-zaposljavanje\/","url":"https:\/\/www.evropskakuca.me\/me\/raspisan-poziv-za-dodjelu-bespovratnih-sredstava-za-zaposljavanje\/","name":"Raspisan Poziv za dodjelu bespovratnih sredstava za zapo\u0161ljavanje - Europe House","isPartOf":{"@id":"https:\/\/www.evropskakuca.me\/me\/#website"},"primaryImageOfPage":{"@id":"https:\/\/www.evropskakuca.me\/me\/raspisan-poziv-za-dodjelu-bespovratnih-sredstava-za-zaposljavanje\/#primaryimage"},"image":{"@id":"https:\/\/www.evropskakuca.me\/me\/raspisan-poziv-za-dodjelu-bespovratnih-sredstava-za-zaposljavanje\/#primaryimage"},"thumbnailUrl":"https:\/\/www.evropskakuca.me\/wp-content\/uploads\/2020\/09\/migel-2.jpg","datePublished":"2020-09-23T08:15:07+00:00","breadcrumb":{"@id":"https:\/\/www.evropskakuca.me\/me\/raspisan-poziv-za-dodjelu-bespovratnih-sredstava-za-zaposljavanje\/#breadcrumb"},"inLanguage":"me-ME","potentialAction":[{"@type":"ReadAction","target":["https:\/\/www.evropskakuca.me\/me\/raspisan-poziv-za-dodjelu-bespovratnih-sredstava-za-zaposljavanje\/"]}]},{"@type":"ImageObject","inLanguage":"me-ME","@id":"https:\/\/www.evropskakuca.me\/me\/raspisan-poziv-za-dodjelu-bespovratnih-sredstava-za-zaposljavanje\/#primaryimage","url":"https:\/\/www.evropskakuca.me\/wp-content\/uploads\/2020\/09\/migel-2.jpg","contentUrl":"https:\/\/www.evropskakuca.me\/wp-content\/uploads\/2020\/09\/migel-2.jpg","width":1566,"height":892},{"@type":"BreadcrumbList","@id":"https:\/\/www.evropskakuca.me\/me\/raspisan-poziv-za-dodjelu-bespovratnih-sredstava-za-zaposljavanje\/#breadcrumb","itemListElement":[{"@type":"ListItem","position":1,"name":"Home","item":"https:\/\/www.evropskakuca.me\/me\/"},{"@type":"ListItem","position":2,"name":"Raspisan Poziv za dodjelu bespovratnih sredstava za zapo\u0161ljavanje"}]},{"@type":"WebSite","@id":"https:\/\/www.evropskakuca.me\/me\/#website","url":"https:\/\/www.evropskakuca.me\/me\/","name":"Evropean house","description":"","publisher":{"@id":"https:\/\/www.evropskakuca.me\/me\/#organization"},"potentialAction":[{"@type":"SearchAction","target":{"@type":"EntryPoint","urlTemplate":"https:\/\/www.evropskakuca.me\/me\/?s={search_term_string}"},"query-input":{"@type":"PropertyValueSpecification","valueRequired":true,"valueName":"search_term_string"}}],"inLanguage":"me-ME"},{"@type":"Organization","@id":"https:\/\/www.evropskakuca.me\/me\/#organization","name":"Evropean house","url":"https:\/\/www.evropskakuca.me\/me\/","logo":{"@type":"ImageObject","inLanguage":"me-ME","@id":"https:\/\/www.evropskakuca.me\/me\/#\/schema\/logo\/image\/","url":"https:\/\/www.evropskakuca.me\/wp-content\/uploads\/2025\/01\/evropska-kuca-logo-1.png","contentUrl":"https:\/\/www.evropskakuca.me\/wp-content\/uploads\/2025\/01\/evropska-kuca-logo-1.png","width":425,"height":312,"caption":"Evropean house"},"image":{"@id":"https:\/\/www.evropskakuca.me\/me\/#\/schema\/logo\/image\/"},"sameAs":["https:\/\/www.facebook.com\/evropska.kuca","https:\/\/x.com\/evropska_kuca","https:\/\/www.instagram.com\/evropska_kuca"]},{"@type":"Person","@id":"https:\/\/www.evropskakuca.me\/me\/#\/schema\/person\/a1d0dcdaefe4a1cd1d60d200ea137ba4","name":"mkajic","image":{"@type":"ImageObject","inLanguage":"me-ME","@id":"https:\/\/secure.gravatar.com\/avatar\/731fa035cefab7316e6bafd1f25a93fb731a07de14e2d9923f8db4422628eabc?s=96&d=mm&r=g","url":"https:\/\/secure.gravatar.com\/avatar\/731fa035cefab7316e6bafd1f25a93fb731a07de14e2d9923f8db4422628eabc?s=96&d=mm&r=g","contentUrl":"https:\/\/secure.gravatar.com\/avatar\/731fa035cefab7316e6bafd1f25a93fb731a07de14e2d9923f8db4422628eabc?s=96&d=mm&r=g","caption":"mkajic"},"sameAs":["https:\/\/evropskakuca.me"],"url":"https:\/\/www.evropskakuca.me\/me\/author\/mkajic\/"}]}},"_links":{"self":[{"href":"https:\/\/www.evropskakuca.me\/me\/wp-json\/wp\/v2\/posts\/10363","targetHints":{"allow":["GET"]}}],"collection":[{"href":"https:\/\/www.evropskakuca.me\/me\/wp-json\/wp\/v2\/posts"}],"about":[{"href":"https:\/\/www.evropskakuca.me\/me\/wp-json\/wp\/v2\/types\/post"}],"author":[{"embeddable":true,"href":"https:\/\/www.evropskakuca.me\/me\/wp-json\/wp\/v2\/users\/1"}],"replies":[{"embeddable":true,"href":"https:\/\/www.evropskakuca.me\/me\/wp-json\/wp\/v2\/comments?post=10363"}],"version-history":[{"count":0,"href":"https:\/\/www.evropskakuca.me\/me\/wp-json\/wp\/v2\/posts\/10363\/revisions"}],"wp:featuredmedia":[{"embeddable":true,"href":"https:\/\/www.evropskakuca.me\/me\/wp-json\/wp\/v2\/media\/35646"}],"wp:attachment":[{"href":"https:\/\/www.evropskakuca.me\/me\/wp-json\/wp\/v2\/media?parent=10363"}],"wp:term":[{"taxonomy":"category","embeddable":true,"href":"https:\/\/www.evropskakuca.me\/me\/wp-json\/wp\/v2\/categories?post=10363"},{"taxonomy":"post_tag","embeddable":true,"href":"https:\/\/www.evropskakuca.me\/me\/wp-json\/wp\/v2\/tags?post=10363"}],"curies":[{"name":"wp","href":"https:\/\/api.w.org\/{rel}","templated":true}]}}