{"id":10356,"date":"2020-09-21T14:11:38","date_gmt":"2020-09-21T14:11:38","guid":{"rendered":"http:\/\/www.evropskakuca.me\/?p=10356"},"modified":"2020-09-21T14:11:38","modified_gmt":"2020-09-21T14:11:38","slug":"upoznajte-60-mladih-evropskih-ambasadora-zapadnog-balkana","status":"publish","type":"post","link":"https:\/\/www.evropskakuca.me\/me\/upoznajte-60-mladih-evropskih-ambasadora-zapadnog-balkana\/","title":{"rendered":"Upoznajte 60 mladih evropskih ambasadora Zapadnog Balkana"},"content":{"rendered":"<p>Evropska unija pokrenula je novu inicijativu posve\u0107enu mladim ljudima na Zapadnom Balkanu. Rije\u010d je o platformi <a href=\"https:\/\/www.webalkans.eu\/\">\u201eMladi evropski ambasadori\u201c<\/a> (Young European Ambassadors \u2013 YEA),\u00a0 kojima se pru\u017ea prilika da upoznaju i do\u017eive vrijednosti EU i\u00a0 promovi\u0161u moguc\u0301nosti koje ova zajednica nudi. Platforma je i njihov prostor za razmjenu ideja i razvijanje talenata, kako bi postali nosioci pozitivnih promjena unutar svojih zajednica, regiona i same EU.<\/p>\n<p>Stru\u010dni \u017eiri odabrao je <a href=\"https:\/\/www.webalkans.eu\/young-european-ambassadors\/\">60 mladih evropskih ambasadora<\/a> i ata\u0161ea iz Albanije, Bosne i Hercegovine, Kosova*, Crne Gore, Sjeverne Makedonije i Srbije. Odabrani mladi evropski ambasadori odra\u017eavaju raznolikost interesovanja, na taj na\u010din unose\u0107i uzbudljiv spoj svojih vje\u0161tina i talenata u YEA mre\u017eu. Iako dolaze iz razli\u010ditih sredina, svi dijele interesovanje za u\u010denje o evropskim vrijednostima, povezivanje sa vr\u0161njacima i razvijanje svojih ideja.<\/p>\n<p>\u201eOva platforma je veoma va\u017ena za Evropsku komisiju. Buduc\u0301e mlade ambasadore i mlade ljude u regionu, smatramo jednim od klju\u010dnih pokreta\u010da pozitivnih promjena u zemljama koje podr\u017eavamo \u201c, rekla je Miriam Ferran, direktorka Generalnog direktorata za politiku susjedstva i pregovore o pro\u0161irenju.<\/p>\n<p>U odabranoj ekipi je i 10 sjajnih mladih ljudi iz Crne Gore: Jovana Ja\u0107imovi\u0107, Matija Sekuli\u0107, Vojin \u0106etkovi\u0107, Dado Dervanovi\u0107, Bojana Lalatovi\u0107, Ivana Sre\u0107kovi\u0107, Stefan Vukmanovi\u0107, Emina Balota, Jelena Deliba\u0161i\u0107 i Aleksandar Kalu\u0111erovi\u0107.<\/p>\n<p>Mladi ambasadori i ate\u0161ei u\u010destvova\u0107e na konferencijama, kulturnim doga\u0111ajima kao i studijskim putovanjima \u0161irom EU i Zapadnog Balkana kako bi ja\u010dali svoje vje\u0161tine i \u0161irili mre\u017eu (svi doga\u0111aji i aktivnosti podlije\u017eu aktuelnim mjerama za borbu protiv Covid-19 pandemije). Uklju\u010diva\u0107e se u razli\u010dite kreativne i socijalne projekte koji podsti\u010du aktivizam. Radi\u0107e na razvoju liderskih vje\u0161tina kroz posebno kreirane radionice, istra\u017eivati komunikacione tehnike, kako online tako i offline, ali i u\u010diti o Evropskoj uniji i \u0161ta ona mo\u017ee da donese regionu Zapadnog Balkana.<\/p>\n<p>Prvi poziv za mlade evropske ambasadore privukao je preko 400 aplikanata, dok su pobjednici izabrani kombinacijom javnog onlajn glasanja i ocjenama \u0161esto\u010dlanog \u017eirija. Kako bi se kvalifikovali za u\u010de\u0161\u0107e, kandidati su morali da ispunjavaju kriterijum godi\u0161ta (izme\u0111u 18-29 godina) kao i da dolaze sa Zapadnog Balkana. Od njih se tako\u0111e o\u010dekivalo da budu aktivni u nekim od kreativnih oblasti kao \u0161to su umjetnost i dizajn, film i fotografija, muzika, aktivizam mladih, za\u0161tita \u017eivotne sredine ili sport &#8211; polja koja prirodno okupljaju mlade \u2013 kao i da predstave glasa\u010dima svoju ideju i misiju kao mladog evropskog ambasadora u video klipu u trajanju od jednog minuta. Drugi poziv za prijavu bi\u0107e otvoren sljedec\u0301e godine, a svi detalji c\u0301e biti objavljeni na webalkans.eu.<\/p>\n<p>Platforma \u201eMladi evropski ambasadori\u201c dio je regionalnog komunikacionog programa Evropske unije za Zapadni Balkan, koji je pokrenut u januaru 2020. Program se finansira u okviru Instrumenta za pretpristupnu pomoc\u0301 EU i trajac\u0301e tri godine. Cilj programa je informisanje razli\u010ditih ciljnih grupa o vrijednostima, politikama i programima EU.<\/p>\n","protected":false},"excerpt":{"rendered":"<p>Evropska unija pokrenula je novu inicijativu posve\u0107enu mladim ljudima na Zapadnom Balkanu<\/p>\n","protected":false},"author":1,"featured_media":35620,"comment_status":"closed","ping_status":"closed","sticky":false,"template":"","format":"standard","meta":{"_acf_changed":false,"footnotes":""},"categories":[283],"tags":[],"class_list":["post-10356","post","type-post","status-publish","format-standard","has-post-thumbnail","hentry","category-novosti-me"],"acf":[],"yoast_head":"<!-- This site is optimized with the Yoast SEO plugin v27.3 - https:\/\/yoast.com\/product\/yoast-seo-wordpress\/ -->\n<title>Upoznajte 60 mladih evropskih ambasadora Zapadnog Balkana - Europe House<\/title>\n<meta name=\"robots\" content=\"index, follow, max-snippet:-1, max-image-preview:large, max-video-preview:-1\" \/>\n<link rel=\"canonical\" href=\"https:\/\/www.evropskakuca.me\/me\/upoznajte-60-mladih-evropskih-ambasadora-zapadnog-balkana\/\" \/>\n<meta property=\"og:locale\" content=\"en_US\" \/>\n<meta property=\"og:type\" content=\"article\" \/>\n<meta property=\"og:title\" content=\"Upoznajte 60 mladih evropskih ambasadora Zapadnog Balkana - Europe House\" \/>\n<meta property=\"og:description\" content=\"Evropska unija pokrenula je novu inicijativu posve\u0107enu mladim ljudima na Zapadnom Balkanu\" \/>\n<meta property=\"og:url\" content=\"https:\/\/www.evropskakuca.me\/me\/upoznajte-60-mladih-evropskih-ambasadora-zapadnog-balkana\/\" \/>\n<meta property=\"og:site_name\" content=\"Europe House\" \/>\n<meta property=\"article:publisher\" content=\"https:\/\/www.facebook.com\/evropska.kuca\" \/>\n<meta property=\"article:published_time\" content=\"2020-09-21T14:11:38+00:00\" \/>\n<meta property=\"og:image\" content=\"https:\/\/www.evropskakuca.me\/wp-content\/uploads\/2020\/09\/Mladi-ambasadori_foto-002.jpg\" \/>\n\t<meta property=\"og:image:width\" content=\"1912\" \/>\n\t<meta property=\"og:image:height\" content=\"1443\" \/>\n\t<meta property=\"og:image:type\" content=\"image\/jpeg\" \/>\n<meta name=\"author\" content=\"mkajic\" \/>\n<meta name=\"twitter:card\" content=\"summary_large_image\" \/>\n<meta name=\"twitter:creator\" content=\"@evropska_kuca\" \/>\n<meta name=\"twitter:site\" content=\"@evropska_kuca\" \/>\n<meta name=\"twitter:label1\" content=\"Written by\" \/>\n\t<meta name=\"twitter:data1\" content=\"mkajic\" \/>\n\t<meta name=\"twitter:label2\" content=\"Est. reading time\" \/>\n\t<meta name=\"twitter:data2\" content=\"3 minutes\" \/>\n<script type=\"application\/ld+json\" class=\"yoast-schema-graph\">{\"@context\":\"https:\\\/\\\/schema.org\",\"@graph\":[{\"@type\":\"Article\",\"@id\":\"https:\\\/\\\/www.evropskakuca.me\\\/me\\\/upoznajte-60-mladih-evropskih-ambasadora-zapadnog-balkana\\\/#article\",\"isPartOf\":{\"@id\":\"https:\\\/\\\/www.evropskakuca.me\\\/me\\\/upoznajte-60-mladih-evropskih-ambasadora-zapadnog-balkana\\\/\"},\"author\":{\"name\":\"mkajic\",\"@id\":\"https:\\\/\\\/www.evropskakuca.me\\\/me\\\/#\\\/schema\\\/person\\\/a1d0dcdaefe4a1cd1d60d200ea137ba4\"},\"headline\":\"Upoznajte 60 mladih evropskih ambasadora Zapadnog Balkana\",\"datePublished\":\"2020-09-21T14:11:38+00:00\",\"mainEntityOfPage\":{\"@id\":\"https:\\\/\\\/www.evropskakuca.me\\\/me\\\/upoznajte-60-mladih-evropskih-ambasadora-zapadnog-balkana\\\/\"},\"wordCount\":507,\"publisher\":{\"@id\":\"https:\\\/\\\/www.evropskakuca.me\\\/me\\\/#organization\"},\"image\":{\"@id\":\"https:\\\/\\\/www.evropskakuca.me\\\/me\\\/upoznajte-60-mladih-evropskih-ambasadora-zapadnog-balkana\\\/#primaryimage\"},\"thumbnailUrl\":\"https:\\\/\\\/www.evropskakuca.me\\\/wp-content\\\/uploads\\\/2020\\\/09\\\/Mladi-ambasadori_foto-002.jpg\",\"articleSection\":[\"Novosti\"],\"inLanguage\":\"me-ME\"},{\"@type\":\"WebPage\",\"@id\":\"https:\\\/\\\/www.evropskakuca.me\\\/me\\\/upoznajte-60-mladih-evropskih-ambasadora-zapadnog-balkana\\\/\",\"url\":\"https:\\\/\\\/www.evropskakuca.me\\\/me\\\/upoznajte-60-mladih-evropskih-ambasadora-zapadnog-balkana\\\/\",\"name\":\"Upoznajte 60 mladih evropskih ambasadora Zapadnog Balkana - Europe House\",\"isPartOf\":{\"@id\":\"https:\\\/\\\/www.evropskakuca.me\\\/me\\\/#website\"},\"primaryImageOfPage\":{\"@id\":\"https:\\\/\\\/www.evropskakuca.me\\\/me\\\/upoznajte-60-mladih-evropskih-ambasadora-zapadnog-balkana\\\/#primaryimage\"},\"image\":{\"@id\":\"https:\\\/\\\/www.evropskakuca.me\\\/me\\\/upoznajte-60-mladih-evropskih-ambasadora-zapadnog-balkana\\\/#primaryimage\"},\"thumbnailUrl\":\"https:\\\/\\\/www.evropskakuca.me\\\/wp-content\\\/uploads\\\/2020\\\/09\\\/Mladi-ambasadori_foto-002.jpg\",\"datePublished\":\"2020-09-21T14:11:38+00:00\",\"breadcrumb\":{\"@id\":\"https:\\\/\\\/www.evropskakuca.me\\\/me\\\/upoznajte-60-mladih-evropskih-ambasadora-zapadnog-balkana\\\/#breadcrumb\"},\"inLanguage\":\"me-ME\",\"potentialAction\":[{\"@type\":\"ReadAction\",\"target\":[\"https:\\\/\\\/www.evropskakuca.me\\\/me\\\/upoznajte-60-mladih-evropskih-ambasadora-zapadnog-balkana\\\/\"]}]},{\"@type\":\"ImageObject\",\"inLanguage\":\"me-ME\",\"@id\":\"https:\\\/\\\/www.evropskakuca.me\\\/me\\\/upoznajte-60-mladih-evropskih-ambasadora-zapadnog-balkana\\\/#primaryimage\",\"url\":\"https:\\\/\\\/www.evropskakuca.me\\\/wp-content\\\/uploads\\\/2020\\\/09\\\/Mladi-ambasadori_foto-002.jpg\",\"contentUrl\":\"https:\\\/\\\/www.evropskakuca.me\\\/wp-content\\\/uploads\\\/2020\\\/09\\\/Mladi-ambasadori_foto-002.jpg\",\"width\":1912,\"height\":1443},{\"@type\":\"BreadcrumbList\",\"@id\":\"https:\\\/\\\/www.evropskakuca.me\\\/me\\\/upoznajte-60-mladih-evropskih-ambasadora-zapadnog-balkana\\\/#breadcrumb\",\"itemListElement\":[{\"@type\":\"ListItem\",\"position\":1,\"name\":\"Home\",\"item\":\"https:\\\/\\\/www.evropskakuca.me\\\/me\\\/\"},{\"@type\":\"ListItem\",\"position\":2,\"name\":\"Upoznajte 60 mladih evropskih ambasadora Zapadnog Balkana\"}]},{\"@type\":\"WebSite\",\"@id\":\"https:\\\/\\\/www.evropskakuca.me\\\/me\\\/#website\",\"url\":\"https:\\\/\\\/www.evropskakuca.me\\\/me\\\/\",\"name\":\"Evropean house\",\"description\":\"\",\"publisher\":{\"@id\":\"https:\\\/\\\/www.evropskakuca.me\\\/me\\\/#organization\"},\"potentialAction\":[{\"@type\":\"SearchAction\",\"target\":{\"@type\":\"EntryPoint\",\"urlTemplate\":\"https:\\\/\\\/www.evropskakuca.me\\\/me\\\/?s={search_term_string}\"},\"query-input\":{\"@type\":\"PropertyValueSpecification\",\"valueRequired\":true,\"valueName\":\"search_term_string\"}}],\"inLanguage\":\"me-ME\"},{\"@type\":\"Organization\",\"@id\":\"https:\\\/\\\/www.evropskakuca.me\\\/me\\\/#organization\",\"name\":\"Evropean house\",\"url\":\"https:\\\/\\\/www.evropskakuca.me\\\/me\\\/\",\"logo\":{\"@type\":\"ImageObject\",\"inLanguage\":\"me-ME\",\"@id\":\"https:\\\/\\\/www.evropskakuca.me\\\/me\\\/#\\\/schema\\\/logo\\\/image\\\/\",\"url\":\"https:\\\/\\\/www.evropskakuca.me\\\/wp-content\\\/uploads\\\/2025\\\/01\\\/evropska-kuca-logo-1.png\",\"contentUrl\":\"https:\\\/\\\/www.evropskakuca.me\\\/wp-content\\\/uploads\\\/2025\\\/01\\\/evropska-kuca-logo-1.png\",\"width\":425,\"height\":312,\"caption\":\"Evropean house\"},\"image\":{\"@id\":\"https:\\\/\\\/www.evropskakuca.me\\\/me\\\/#\\\/schema\\\/logo\\\/image\\\/\"},\"sameAs\":[\"https:\\\/\\\/www.facebook.com\\\/evropska.kuca\",\"https:\\\/\\\/x.com\\\/evropska_kuca\",\"https:\\\/\\\/www.instagram.com\\\/evropska_kuca\"]},{\"@type\":\"Person\",\"@id\":\"https:\\\/\\\/www.evropskakuca.me\\\/me\\\/#\\\/schema\\\/person\\\/a1d0dcdaefe4a1cd1d60d200ea137ba4\",\"name\":\"mkajic\",\"image\":{\"@type\":\"ImageObject\",\"inLanguage\":\"me-ME\",\"@id\":\"https:\\\/\\\/secure.gravatar.com\\\/avatar\\\/731fa035cefab7316e6bafd1f25a93fb731a07de14e2d9923f8db4422628eabc?s=96&d=mm&r=g\",\"url\":\"https:\\\/\\\/secure.gravatar.com\\\/avatar\\\/731fa035cefab7316e6bafd1f25a93fb731a07de14e2d9923f8db4422628eabc?s=96&d=mm&r=g\",\"contentUrl\":\"https:\\\/\\\/secure.gravatar.com\\\/avatar\\\/731fa035cefab7316e6bafd1f25a93fb731a07de14e2d9923f8db4422628eabc?s=96&d=mm&r=g\",\"caption\":\"mkajic\"},\"sameAs\":[\"https:\\\/\\\/evropskakuca.me\"],\"url\":\"https:\\\/\\\/www.evropskakuca.me\\\/me\\\/author\\\/mkajic\\\/\"}]}<\/script>\n<!-- \/ Yoast SEO plugin. -->","yoast_head_json":{"title":"Upoznajte 60 mladih evropskih ambasadora Zapadnog Balkana - Europe House","robots":{"index":"index","follow":"follow","max-snippet":"max-snippet:-1","max-image-preview":"max-image-preview:large","max-video-preview":"max-video-preview:-1"},"canonical":"https:\/\/www.evropskakuca.me\/me\/upoznajte-60-mladih-evropskih-ambasadora-zapadnog-balkana\/","og_locale":"en_US","og_type":"article","og_title":"Upoznajte 60 mladih evropskih ambasadora Zapadnog Balkana - Europe House","og_description":"Evropska unija pokrenula je novu inicijativu posve\u0107enu mladim ljudima na Zapadnom Balkanu","og_url":"https:\/\/www.evropskakuca.me\/me\/upoznajte-60-mladih-evropskih-ambasadora-zapadnog-balkana\/","og_site_name":"Europe House","article_publisher":"https:\/\/www.facebook.com\/evropska.kuca","article_published_time":"2020-09-21T14:11:38+00:00","og_image":[{"width":1912,"height":1443,"url":"https:\/\/www.evropskakuca.me\/wp-content\/uploads\/2020\/09\/Mladi-ambasadori_foto-002.jpg","type":"image\/jpeg"}],"author":"mkajic","twitter_card":"summary_large_image","twitter_creator":"@evropska_kuca","twitter_site":"@evropska_kuca","twitter_misc":{"Written by":"mkajic","Est. reading time":"3 minutes"},"schema":{"@context":"https:\/\/schema.org","@graph":[{"@type":"Article","@id":"https:\/\/www.evropskakuca.me\/me\/upoznajte-60-mladih-evropskih-ambasadora-zapadnog-balkana\/#article","isPartOf":{"@id":"https:\/\/www.evropskakuca.me\/me\/upoznajte-60-mladih-evropskih-ambasadora-zapadnog-balkana\/"},"author":{"name":"mkajic","@id":"https:\/\/www.evropskakuca.me\/me\/#\/schema\/person\/a1d0dcdaefe4a1cd1d60d200ea137ba4"},"headline":"Upoznajte 60 mladih evropskih ambasadora Zapadnog Balkana","datePublished":"2020-09-21T14:11:38+00:00","mainEntityOfPage":{"@id":"https:\/\/www.evropskakuca.me\/me\/upoznajte-60-mladih-evropskih-ambasadora-zapadnog-balkana\/"},"wordCount":507,"publisher":{"@id":"https:\/\/www.evropskakuca.me\/me\/#organization"},"image":{"@id":"https:\/\/www.evropskakuca.me\/me\/upoznajte-60-mladih-evropskih-ambasadora-zapadnog-balkana\/#primaryimage"},"thumbnailUrl":"https:\/\/www.evropskakuca.me\/wp-content\/uploads\/2020\/09\/Mladi-ambasadori_foto-002.jpg","articleSection":["Novosti"],"inLanguage":"me-ME"},{"@type":"WebPage","@id":"https:\/\/www.evropskakuca.me\/me\/upoznajte-60-mladih-evropskih-ambasadora-zapadnog-balkana\/","url":"https:\/\/www.evropskakuca.me\/me\/upoznajte-60-mladih-evropskih-ambasadora-zapadnog-balkana\/","name":"Upoznajte 60 mladih evropskih ambasadora Zapadnog Balkana - Europe House","isPartOf":{"@id":"https:\/\/www.evropskakuca.me\/me\/#website"},"primaryImageOfPage":{"@id":"https:\/\/www.evropskakuca.me\/me\/upoznajte-60-mladih-evropskih-ambasadora-zapadnog-balkana\/#primaryimage"},"image":{"@id":"https:\/\/www.evropskakuca.me\/me\/upoznajte-60-mladih-evropskih-ambasadora-zapadnog-balkana\/#primaryimage"},"thumbnailUrl":"https:\/\/www.evropskakuca.me\/wp-content\/uploads\/2020\/09\/Mladi-ambasadori_foto-002.jpg","datePublished":"2020-09-21T14:11:38+00:00","breadcrumb":{"@id":"https:\/\/www.evropskakuca.me\/me\/upoznajte-60-mladih-evropskih-ambasadora-zapadnog-balkana\/#breadcrumb"},"inLanguage":"me-ME","potentialAction":[{"@type":"ReadAction","target":["https:\/\/www.evropskakuca.me\/me\/upoznajte-60-mladih-evropskih-ambasadora-zapadnog-balkana\/"]}]},{"@type":"ImageObject","inLanguage":"me-ME","@id":"https:\/\/www.evropskakuca.me\/me\/upoznajte-60-mladih-evropskih-ambasadora-zapadnog-balkana\/#primaryimage","url":"https:\/\/www.evropskakuca.me\/wp-content\/uploads\/2020\/09\/Mladi-ambasadori_foto-002.jpg","contentUrl":"https:\/\/www.evropskakuca.me\/wp-content\/uploads\/2020\/09\/Mladi-ambasadori_foto-002.jpg","width":1912,"height":1443},{"@type":"BreadcrumbList","@id":"https:\/\/www.evropskakuca.me\/me\/upoznajte-60-mladih-evropskih-ambasadora-zapadnog-balkana\/#breadcrumb","itemListElement":[{"@type":"ListItem","position":1,"name":"Home","item":"https:\/\/www.evropskakuca.me\/me\/"},{"@type":"ListItem","position":2,"name":"Upoznajte 60 mladih evropskih ambasadora Zapadnog Balkana"}]},{"@type":"WebSite","@id":"https:\/\/www.evropskakuca.me\/me\/#website","url":"https:\/\/www.evropskakuca.me\/me\/","name":"Evropean house","description":"","publisher":{"@id":"https:\/\/www.evropskakuca.me\/me\/#organization"},"potentialAction":[{"@type":"SearchAction","target":{"@type":"EntryPoint","urlTemplate":"https:\/\/www.evropskakuca.me\/me\/?s={search_term_string}"},"query-input":{"@type":"PropertyValueSpecification","valueRequired":true,"valueName":"search_term_string"}}],"inLanguage":"me-ME"},{"@type":"Organization","@id":"https:\/\/www.evropskakuca.me\/me\/#organization","name":"Evropean house","url":"https:\/\/www.evropskakuca.me\/me\/","logo":{"@type":"ImageObject","inLanguage":"me-ME","@id":"https:\/\/www.evropskakuca.me\/me\/#\/schema\/logo\/image\/","url":"https:\/\/www.evropskakuca.me\/wp-content\/uploads\/2025\/01\/evropska-kuca-logo-1.png","contentUrl":"https:\/\/www.evropskakuca.me\/wp-content\/uploads\/2025\/01\/evropska-kuca-logo-1.png","width":425,"height":312,"caption":"Evropean house"},"image":{"@id":"https:\/\/www.evropskakuca.me\/me\/#\/schema\/logo\/image\/"},"sameAs":["https:\/\/www.facebook.com\/evropska.kuca","https:\/\/x.com\/evropska_kuca","https:\/\/www.instagram.com\/evropska_kuca"]},{"@type":"Person","@id":"https:\/\/www.evropskakuca.me\/me\/#\/schema\/person\/a1d0dcdaefe4a1cd1d60d200ea137ba4","name":"mkajic","image":{"@type":"ImageObject","inLanguage":"me-ME","@id":"https:\/\/secure.gravatar.com\/avatar\/731fa035cefab7316e6bafd1f25a93fb731a07de14e2d9923f8db4422628eabc?s=96&d=mm&r=g","url":"https:\/\/secure.gravatar.com\/avatar\/731fa035cefab7316e6bafd1f25a93fb731a07de14e2d9923f8db4422628eabc?s=96&d=mm&r=g","contentUrl":"https:\/\/secure.gravatar.com\/avatar\/731fa035cefab7316e6bafd1f25a93fb731a07de14e2d9923f8db4422628eabc?s=96&d=mm&r=g","caption":"mkajic"},"sameAs":["https:\/\/evropskakuca.me"],"url":"https:\/\/www.evropskakuca.me\/me\/author\/mkajic\/"}]}},"_links":{"self":[{"href":"https:\/\/www.evropskakuca.me\/me\/wp-json\/wp\/v2\/posts\/10356","targetHints":{"allow":["GET"]}}],"collection":[{"href":"https:\/\/www.evropskakuca.me\/me\/wp-json\/wp\/v2\/posts"}],"about":[{"href":"https:\/\/www.evropskakuca.me\/me\/wp-json\/wp\/v2\/types\/post"}],"author":[{"embeddable":true,"href":"https:\/\/www.evropskakuca.me\/me\/wp-json\/wp\/v2\/users\/1"}],"replies":[{"embeddable":true,"href":"https:\/\/www.evropskakuca.me\/me\/wp-json\/wp\/v2\/comments?post=10356"}],"version-history":[{"count":0,"href":"https:\/\/www.evropskakuca.me\/me\/wp-json\/wp\/v2\/posts\/10356\/revisions"}],"wp:featuredmedia":[{"embeddable":true,"href":"https:\/\/www.evropskakuca.me\/me\/wp-json\/wp\/v2\/media\/35620"}],"wp:attachment":[{"href":"https:\/\/www.evropskakuca.me\/me\/wp-json\/wp\/v2\/media?parent=10356"}],"wp:term":[{"taxonomy":"category","embeddable":true,"href":"https:\/\/www.evropskakuca.me\/me\/wp-json\/wp\/v2\/categories?post=10356"},{"taxonomy":"post_tag","embeddable":true,"href":"https:\/\/www.evropskakuca.me\/me\/wp-json\/wp\/v2\/tags?post=10356"}],"curies":[{"name":"wp","href":"https:\/\/api.w.org\/{rel}","templated":true}]}}