{"id":10313,"date":"2020-09-15T14:44:30","date_gmt":"2020-09-15T14:44:30","guid":{"rendered":"http:\/\/www.evropskakuca.me\/?p=10313"},"modified":"2020-09-15T14:44:30","modified_gmt":"2020-09-15T14:44:30","slug":"pregled-zaposljavanja-i-socijalnog-razvoja-u-evropi-zasto-su-socijalna-pravicnost-i-solidarnost-vazniji-nego-ikad","status":"publish","type":"post","link":"https:\/\/www.evropskakuca.me\/me\/pregled-zaposljavanja-i-socijalnog-razvoja-u-evropi-zasto-su-socijalna-pravicnost-i-solidarnost-vazniji-nego-ikad\/","title":{"rendered":"Pregled zapo\u0161ljavanja i socijalnog razvoja u Evropi: za\u0161to su socijalna pravi\u010dnost i solidarnost va\u017eniji nego ikad"},"content":{"rendered":"<p>Slu\u017ebe Komisije objavile su izdanje pregleda zapo\u0161ljavanja i socijalnog razvoja u Evropi (ESDE) za 2020. godinu posvec\u0301enog temi socijalne pravi\u010dnosti i solidarnosti. Pregled pru\u017ea analizu zasnovanu na dokazima o tome kako postic\u0301i vec\u0301u pravi\u010dnost \u0161irom EU u uslovima kriza poput pandemije COVID-19, kao i strukturnih promjena usljed demografskog starenja, zelenih i digitalnih tranzicija.<\/p>\n<p>Komesar za radna mjesta i socijalna prava Nicolas Schmit rekao je: \u201eIzvje\u0161taj ESDE pokazuje da je ja\u010danje socijalne pravi\u010dnosti klju\u010dno za prevazila\u017eenje krize. Ovo zahtjeva postavljanje ljudi ispred i u sredi\u0161te. Da bi se osigurala otpornost, solidarnost i kohezija, odgovor EU mora dati prioritet zapo\u0161ljavanju, smanjiti nejednakosti i osigurati jednake moguc\u0301nosti. Efikasna primjena evropskog stuba socijalnih prava slu\u017eic\u0301e nam kao vodi\u010d. \u201c<\/p>\n<p>U pregledu se primjec\u0301uje da pandemija COVID-19 ima duboke zdravstvene, ekonomske, radne i socijalne efekte, prijetec\u0301i vec\u0301em dijelu napretka koji je EU ranije postigla. Sve dr\u017eave \u010dlanice do\u017eivljavaju vec\u0301i ekonomski \u0161ok nego u 2008-2009.<\/p>\n<p>Ekonomska proizvodnja se naglo smanjila, a nezaposlenost raste. Najugro\u017eenije osobe, uklju\u010dujuc\u0301i evropsku omladinu, posebno su pogo\u0111ene.<\/p>\n<p>U tom kontekstu, izvje\u0161taj ESDE ukazuje na sledec\u0301e nalaze:<\/p>\n<p>Adekvatne minimalne zarade i minimalni dohodak mogu imati blagotvorni efekat na socijalnu mobilnost Evropljana.<\/p>\n<p>Ja\u010danje socijalne pravi\u010dnosti, uklju\u010dujuc\u0301i ulaganja u ljude, se isplati. Otklanjanje rodno povezanih praznina donosi posebno visoke prinose, istovremeno produ\u017eavajuc\u0301i radni vijek, podizanje nivoa obrazovanja tako\u0111e ima pozitivne efekte.<\/p>\n<p>Strukturne promjene, poput zelene tranzicije, moraju biti prac\u0301ene socijalnim mjerama da bi bile uspje\u0161ne. Prije svega, ova tranzicija zahtjeva socijalna ulaganja u obliku programa prekvalifikacije i \/ ili naknada za nezaposlenost.<\/p>\n<p>Prema ESDE-u, ova socijalna investicija mogla bi iznositi 20 milijardi eura ili vi\u0161e do 2030. godine.<\/p>\n<p>\u0160eme kratkotrajnog rada efikasno \u0161tite radna mesta. EU poma\u017ee dr\u017eavama \u010dlanicama da pru\u017ee takvu podr\u0161ku kroz mehanizme solidarnosti poput instrumenta za privremenu podr\u0161ku za ubla\u017eavanje rizika od nezaposlenosti u hitnim slu\u010dajevima (SURE).<\/p>\n<p>Socijalni dijalog i kolektivno pregovaranje uti\u010du na pravednost i njenu percepciju na radnom mjestu promovisanjem pravednijih zarada, boljih uslova rada i inkluzivnijih tr\u017ei\u0161ta rada.<\/p>\n<p>Generalnije, da bi sanirali \u0161tetu koju je nanio COVID-19 i pripremili ekonomiju i dru\u0161tvo za buduc\u0301nost br\u017eih strukturnih promjena, EU i dr\u017eave \u010dlanice moraju u potpunosti da prihvate moguc\u0301nosti koje nudi prelazak na zeleniju, digitalizovanu ekonomiju i izgrade inkluziju , solidarnost i otpornost na dizajn svih politika. Osiguravanje \u0161iroko zasnovanog oporavka je klju\u010dni cilj politike na\u0161eg djelovanja, \u0161to c\u0301e dugoro\u010dno pomoc\u0301i u ja\u010danju socijalne otpornosti.<\/p>\n","protected":false},"excerpt":{"rendered":"<p>Pregled pru\u017ea analizu zasnovanu na dokazima o tome kako postic\u0301i vec\u0301u pravi\u010dnost \u0161irom EU<\/p>\n","protected":false},"author":1,"featured_media":35622,"comment_status":"closed","ping_status":"closed","sticky":false,"template":"","format":"standard","meta":{"_acf_changed":false,"footnotes":""},"categories":[283],"tags":[],"class_list":["post-10313","post","type-post","status-publish","format-standard","has-post-thumbnail","hentry","category-novosti-me"],"acf":[],"yoast_head":"<!-- This site is optimized with the Yoast SEO plugin v27.3 - https:\/\/yoast.com\/product\/yoast-seo-wordpress\/ -->\n<title>Pregled zapo\u0161ljavanja i socijalnog razvoja u Evropi: za\u0161to su socijalna pravi\u010dnost i solidarnost va\u017eniji nego ikad - Europe House<\/title>\n<meta name=\"robots\" content=\"index, follow, max-snippet:-1, max-image-preview:large, max-video-preview:-1\" \/>\n<link rel=\"canonical\" href=\"https:\/\/www.evropskakuca.me\/me\/pregled-zaposljavanja-i-socijalnog-razvoja-u-evropi-zasto-su-socijalna-pravicnost-i-solidarnost-vazniji-nego-ikad\/\" \/>\n<meta property=\"og:locale\" content=\"en_US\" \/>\n<meta property=\"og:type\" content=\"article\" \/>\n<meta property=\"og:title\" content=\"Pregled zapo\u0161ljavanja i socijalnog razvoja u Evropi: za\u0161to su socijalna pravi\u010dnost i solidarnost va\u017eniji nego ikad - Europe House\" \/>\n<meta property=\"og:description\" content=\"Pregled pru\u017ea analizu zasnovanu na dokazima o tome kako postic\u0301i vec\u0301u pravi\u010dnost \u0161irom EU\" \/>\n<meta property=\"og:url\" content=\"https:\/\/www.evropskakuca.me\/me\/pregled-zaposljavanja-i-socijalnog-razvoja-u-evropi-zasto-su-socijalna-pravicnost-i-solidarnost-vazniji-nego-ikad\/\" \/>\n<meta property=\"og:site_name\" content=\"Europe House\" \/>\n<meta property=\"article:publisher\" content=\"https:\/\/www.facebook.com\/evropska.kuca\" \/>\n<meta property=\"article:published_time\" content=\"2020-09-15T14:44:30+00:00\" \/>\n<meta property=\"og:image\" content=\"https:\/\/www.evropskakuca.me\/wp-content\/uploads\/2020\/09\/empoyment11.jpg\" \/>\n\t<meta property=\"og:image:width\" content=\"1608\" \/>\n\t<meta property=\"og:image:height\" content=\"841\" \/>\n\t<meta property=\"og:image:type\" content=\"image\/jpeg\" \/>\n<meta name=\"author\" content=\"mkajic\" \/>\n<meta name=\"twitter:card\" content=\"summary_large_image\" \/>\n<meta name=\"twitter:creator\" content=\"@evropska_kuca\" \/>\n<meta name=\"twitter:site\" content=\"@evropska_kuca\" \/>\n<meta name=\"twitter:label1\" content=\"Written by\" \/>\n\t<meta name=\"twitter:data1\" content=\"mkajic\" \/>\n\t<meta name=\"twitter:label2\" content=\"Est. reading time\" \/>\n\t<meta name=\"twitter:data2\" content=\"2 minutes\" \/>\n<script type=\"application\/ld+json\" class=\"yoast-schema-graph\">{\"@context\":\"https:\\\/\\\/schema.org\",\"@graph\":[{\"@type\":\"Article\",\"@id\":\"https:\\\/\\\/www.evropskakuca.me\\\/me\\\/pregled-zaposljavanja-i-socijalnog-razvoja-u-evropi-zasto-su-socijalna-pravicnost-i-solidarnost-vazniji-nego-ikad\\\/#article\",\"isPartOf\":{\"@id\":\"https:\\\/\\\/www.evropskakuca.me\\\/me\\\/pregled-zaposljavanja-i-socijalnog-razvoja-u-evropi-zasto-su-socijalna-pravicnost-i-solidarnost-vazniji-nego-ikad\\\/\"},\"author\":{\"name\":\"mkajic\",\"@id\":\"https:\\\/\\\/www.evropskakuca.me\\\/me\\\/#\\\/schema\\\/person\\\/a1d0dcdaefe4a1cd1d60d200ea137ba4\"},\"headline\":\"Pregled zapo\u0161ljavanja i socijalnog razvoja u Evropi: za\u0161to su socijalna pravi\u010dnost i solidarnost va\u017eniji nego ikad\",\"datePublished\":\"2020-09-15T14:44:30+00:00\",\"mainEntityOfPage\":{\"@id\":\"https:\\\/\\\/www.evropskakuca.me\\\/me\\\/pregled-zaposljavanja-i-socijalnog-razvoja-u-evropi-zasto-su-socijalna-pravicnost-i-solidarnost-vazniji-nego-ikad\\\/\"},\"wordCount\":459,\"publisher\":{\"@id\":\"https:\\\/\\\/www.evropskakuca.me\\\/me\\\/#organization\"},\"image\":{\"@id\":\"https:\\\/\\\/www.evropskakuca.me\\\/me\\\/pregled-zaposljavanja-i-socijalnog-razvoja-u-evropi-zasto-su-socijalna-pravicnost-i-solidarnost-vazniji-nego-ikad\\\/#primaryimage\"},\"thumbnailUrl\":\"https:\\\/\\\/www.evropskakuca.me\\\/wp-content\\\/uploads\\\/2020\\\/09\\\/empoyment11.jpg\",\"articleSection\":[\"Novosti\"],\"inLanguage\":\"me-ME\"},{\"@type\":\"WebPage\",\"@id\":\"https:\\\/\\\/www.evropskakuca.me\\\/me\\\/pregled-zaposljavanja-i-socijalnog-razvoja-u-evropi-zasto-su-socijalna-pravicnost-i-solidarnost-vazniji-nego-ikad\\\/\",\"url\":\"https:\\\/\\\/www.evropskakuca.me\\\/me\\\/pregled-zaposljavanja-i-socijalnog-razvoja-u-evropi-zasto-su-socijalna-pravicnost-i-solidarnost-vazniji-nego-ikad\\\/\",\"name\":\"Pregled zapo\u0161ljavanja i socijalnog razvoja u Evropi: za\u0161to su socijalna pravi\u010dnost i solidarnost va\u017eniji nego ikad - Europe House\",\"isPartOf\":{\"@id\":\"https:\\\/\\\/www.evropskakuca.me\\\/me\\\/#website\"},\"primaryImageOfPage\":{\"@id\":\"https:\\\/\\\/www.evropskakuca.me\\\/me\\\/pregled-zaposljavanja-i-socijalnog-razvoja-u-evropi-zasto-su-socijalna-pravicnost-i-solidarnost-vazniji-nego-ikad\\\/#primaryimage\"},\"image\":{\"@id\":\"https:\\\/\\\/www.evropskakuca.me\\\/me\\\/pregled-zaposljavanja-i-socijalnog-razvoja-u-evropi-zasto-su-socijalna-pravicnost-i-solidarnost-vazniji-nego-ikad\\\/#primaryimage\"},\"thumbnailUrl\":\"https:\\\/\\\/www.evropskakuca.me\\\/wp-content\\\/uploads\\\/2020\\\/09\\\/empoyment11.jpg\",\"datePublished\":\"2020-09-15T14:44:30+00:00\",\"breadcrumb\":{\"@id\":\"https:\\\/\\\/www.evropskakuca.me\\\/me\\\/pregled-zaposljavanja-i-socijalnog-razvoja-u-evropi-zasto-su-socijalna-pravicnost-i-solidarnost-vazniji-nego-ikad\\\/#breadcrumb\"},\"inLanguage\":\"me-ME\",\"potentialAction\":[{\"@type\":\"ReadAction\",\"target\":[\"https:\\\/\\\/www.evropskakuca.me\\\/me\\\/pregled-zaposljavanja-i-socijalnog-razvoja-u-evropi-zasto-su-socijalna-pravicnost-i-solidarnost-vazniji-nego-ikad\\\/\"]}]},{\"@type\":\"ImageObject\",\"inLanguage\":\"me-ME\",\"@id\":\"https:\\\/\\\/www.evropskakuca.me\\\/me\\\/pregled-zaposljavanja-i-socijalnog-razvoja-u-evropi-zasto-su-socijalna-pravicnost-i-solidarnost-vazniji-nego-ikad\\\/#primaryimage\",\"url\":\"https:\\\/\\\/www.evropskakuca.me\\\/wp-content\\\/uploads\\\/2020\\\/09\\\/empoyment11.jpg\",\"contentUrl\":\"https:\\\/\\\/www.evropskakuca.me\\\/wp-content\\\/uploads\\\/2020\\\/09\\\/empoyment11.jpg\",\"width\":1608,\"height\":841},{\"@type\":\"BreadcrumbList\",\"@id\":\"https:\\\/\\\/www.evropskakuca.me\\\/me\\\/pregled-zaposljavanja-i-socijalnog-razvoja-u-evropi-zasto-su-socijalna-pravicnost-i-solidarnost-vazniji-nego-ikad\\\/#breadcrumb\",\"itemListElement\":[{\"@type\":\"ListItem\",\"position\":1,\"name\":\"Home\",\"item\":\"https:\\\/\\\/www.evropskakuca.me\\\/me\\\/\"},{\"@type\":\"ListItem\",\"position\":2,\"name\":\"Pregled zapo\u0161ljavanja i socijalnog razvoja u Evropi: za\u0161to su socijalna pravi\u010dnost i solidarnost va\u017eniji nego ikad\"}]},{\"@type\":\"WebSite\",\"@id\":\"https:\\\/\\\/www.evropskakuca.me\\\/me\\\/#website\",\"url\":\"https:\\\/\\\/www.evropskakuca.me\\\/me\\\/\",\"name\":\"Evropean house\",\"description\":\"\",\"publisher\":{\"@id\":\"https:\\\/\\\/www.evropskakuca.me\\\/me\\\/#organization\"},\"potentialAction\":[{\"@type\":\"SearchAction\",\"target\":{\"@type\":\"EntryPoint\",\"urlTemplate\":\"https:\\\/\\\/www.evropskakuca.me\\\/me\\\/?s={search_term_string}\"},\"query-input\":{\"@type\":\"PropertyValueSpecification\",\"valueRequired\":true,\"valueName\":\"search_term_string\"}}],\"inLanguage\":\"me-ME\"},{\"@type\":\"Organization\",\"@id\":\"https:\\\/\\\/www.evropskakuca.me\\\/me\\\/#organization\",\"name\":\"Evropean house\",\"url\":\"https:\\\/\\\/www.evropskakuca.me\\\/me\\\/\",\"logo\":{\"@type\":\"ImageObject\",\"inLanguage\":\"me-ME\",\"@id\":\"https:\\\/\\\/www.evropskakuca.me\\\/me\\\/#\\\/schema\\\/logo\\\/image\\\/\",\"url\":\"https:\\\/\\\/www.evropskakuca.me\\\/wp-content\\\/uploads\\\/2025\\\/01\\\/evropska-kuca-logo-1.png\",\"contentUrl\":\"https:\\\/\\\/www.evropskakuca.me\\\/wp-content\\\/uploads\\\/2025\\\/01\\\/evropska-kuca-logo-1.png\",\"width\":425,\"height\":312,\"caption\":\"Evropean house\"},\"image\":{\"@id\":\"https:\\\/\\\/www.evropskakuca.me\\\/me\\\/#\\\/schema\\\/logo\\\/image\\\/\"},\"sameAs\":[\"https:\\\/\\\/www.facebook.com\\\/evropska.kuca\",\"https:\\\/\\\/x.com\\\/evropska_kuca\",\"https:\\\/\\\/www.instagram.com\\\/evropska_kuca\"]},{\"@type\":\"Person\",\"@id\":\"https:\\\/\\\/www.evropskakuca.me\\\/me\\\/#\\\/schema\\\/person\\\/a1d0dcdaefe4a1cd1d60d200ea137ba4\",\"name\":\"mkajic\",\"image\":{\"@type\":\"ImageObject\",\"inLanguage\":\"me-ME\",\"@id\":\"https:\\\/\\\/secure.gravatar.com\\\/avatar\\\/731fa035cefab7316e6bafd1f25a93fb731a07de14e2d9923f8db4422628eabc?s=96&d=mm&r=g\",\"url\":\"https:\\\/\\\/secure.gravatar.com\\\/avatar\\\/731fa035cefab7316e6bafd1f25a93fb731a07de14e2d9923f8db4422628eabc?s=96&d=mm&r=g\",\"contentUrl\":\"https:\\\/\\\/secure.gravatar.com\\\/avatar\\\/731fa035cefab7316e6bafd1f25a93fb731a07de14e2d9923f8db4422628eabc?s=96&d=mm&r=g\",\"caption\":\"mkajic\"},\"sameAs\":[\"https:\\\/\\\/evropskakuca.me\"],\"url\":\"https:\\\/\\\/www.evropskakuca.me\\\/me\\\/author\\\/mkajic\\\/\"}]}<\/script>\n<!-- \/ Yoast SEO plugin. -->","yoast_head_json":{"title":"Pregled zapo\u0161ljavanja i socijalnog razvoja u Evropi: za\u0161to su socijalna pravi\u010dnost i solidarnost va\u017eniji nego ikad - Europe House","robots":{"index":"index","follow":"follow","max-snippet":"max-snippet:-1","max-image-preview":"max-image-preview:large","max-video-preview":"max-video-preview:-1"},"canonical":"https:\/\/www.evropskakuca.me\/me\/pregled-zaposljavanja-i-socijalnog-razvoja-u-evropi-zasto-su-socijalna-pravicnost-i-solidarnost-vazniji-nego-ikad\/","og_locale":"en_US","og_type":"article","og_title":"Pregled zapo\u0161ljavanja i socijalnog razvoja u Evropi: za\u0161to su socijalna pravi\u010dnost i solidarnost va\u017eniji nego ikad - Europe House","og_description":"Pregled pru\u017ea analizu zasnovanu na dokazima o tome kako postic\u0301i vec\u0301u pravi\u010dnost \u0161irom EU","og_url":"https:\/\/www.evropskakuca.me\/me\/pregled-zaposljavanja-i-socijalnog-razvoja-u-evropi-zasto-su-socijalna-pravicnost-i-solidarnost-vazniji-nego-ikad\/","og_site_name":"Europe House","article_publisher":"https:\/\/www.facebook.com\/evropska.kuca","article_published_time":"2020-09-15T14:44:30+00:00","og_image":[{"width":1608,"height":841,"url":"https:\/\/www.evropskakuca.me\/wp-content\/uploads\/2020\/09\/empoyment11.jpg","type":"image\/jpeg"}],"author":"mkajic","twitter_card":"summary_large_image","twitter_creator":"@evropska_kuca","twitter_site":"@evropska_kuca","twitter_misc":{"Written by":"mkajic","Est. reading time":"2 minutes"},"schema":{"@context":"https:\/\/schema.org","@graph":[{"@type":"Article","@id":"https:\/\/www.evropskakuca.me\/me\/pregled-zaposljavanja-i-socijalnog-razvoja-u-evropi-zasto-su-socijalna-pravicnost-i-solidarnost-vazniji-nego-ikad\/#article","isPartOf":{"@id":"https:\/\/www.evropskakuca.me\/me\/pregled-zaposljavanja-i-socijalnog-razvoja-u-evropi-zasto-su-socijalna-pravicnost-i-solidarnost-vazniji-nego-ikad\/"},"author":{"name":"mkajic","@id":"https:\/\/www.evropskakuca.me\/me\/#\/schema\/person\/a1d0dcdaefe4a1cd1d60d200ea137ba4"},"headline":"Pregled zapo\u0161ljavanja i socijalnog razvoja u Evropi: za\u0161to su socijalna pravi\u010dnost i solidarnost va\u017eniji nego ikad","datePublished":"2020-09-15T14:44:30+00:00","mainEntityOfPage":{"@id":"https:\/\/www.evropskakuca.me\/me\/pregled-zaposljavanja-i-socijalnog-razvoja-u-evropi-zasto-su-socijalna-pravicnost-i-solidarnost-vazniji-nego-ikad\/"},"wordCount":459,"publisher":{"@id":"https:\/\/www.evropskakuca.me\/me\/#organization"},"image":{"@id":"https:\/\/www.evropskakuca.me\/me\/pregled-zaposljavanja-i-socijalnog-razvoja-u-evropi-zasto-su-socijalna-pravicnost-i-solidarnost-vazniji-nego-ikad\/#primaryimage"},"thumbnailUrl":"https:\/\/www.evropskakuca.me\/wp-content\/uploads\/2020\/09\/empoyment11.jpg","articleSection":["Novosti"],"inLanguage":"me-ME"},{"@type":"WebPage","@id":"https:\/\/www.evropskakuca.me\/me\/pregled-zaposljavanja-i-socijalnog-razvoja-u-evropi-zasto-su-socijalna-pravicnost-i-solidarnost-vazniji-nego-ikad\/","url":"https:\/\/www.evropskakuca.me\/me\/pregled-zaposljavanja-i-socijalnog-razvoja-u-evropi-zasto-su-socijalna-pravicnost-i-solidarnost-vazniji-nego-ikad\/","name":"Pregled zapo\u0161ljavanja i socijalnog razvoja u Evropi: za\u0161to su socijalna pravi\u010dnost i solidarnost va\u017eniji nego ikad - Europe House","isPartOf":{"@id":"https:\/\/www.evropskakuca.me\/me\/#website"},"primaryImageOfPage":{"@id":"https:\/\/www.evropskakuca.me\/me\/pregled-zaposljavanja-i-socijalnog-razvoja-u-evropi-zasto-su-socijalna-pravicnost-i-solidarnost-vazniji-nego-ikad\/#primaryimage"},"image":{"@id":"https:\/\/www.evropskakuca.me\/me\/pregled-zaposljavanja-i-socijalnog-razvoja-u-evropi-zasto-su-socijalna-pravicnost-i-solidarnost-vazniji-nego-ikad\/#primaryimage"},"thumbnailUrl":"https:\/\/www.evropskakuca.me\/wp-content\/uploads\/2020\/09\/empoyment11.jpg","datePublished":"2020-09-15T14:44:30+00:00","breadcrumb":{"@id":"https:\/\/www.evropskakuca.me\/me\/pregled-zaposljavanja-i-socijalnog-razvoja-u-evropi-zasto-su-socijalna-pravicnost-i-solidarnost-vazniji-nego-ikad\/#breadcrumb"},"inLanguage":"me-ME","potentialAction":[{"@type":"ReadAction","target":["https:\/\/www.evropskakuca.me\/me\/pregled-zaposljavanja-i-socijalnog-razvoja-u-evropi-zasto-su-socijalna-pravicnost-i-solidarnost-vazniji-nego-ikad\/"]}]},{"@type":"ImageObject","inLanguage":"me-ME","@id":"https:\/\/www.evropskakuca.me\/me\/pregled-zaposljavanja-i-socijalnog-razvoja-u-evropi-zasto-su-socijalna-pravicnost-i-solidarnost-vazniji-nego-ikad\/#primaryimage","url":"https:\/\/www.evropskakuca.me\/wp-content\/uploads\/2020\/09\/empoyment11.jpg","contentUrl":"https:\/\/www.evropskakuca.me\/wp-content\/uploads\/2020\/09\/empoyment11.jpg","width":1608,"height":841},{"@type":"BreadcrumbList","@id":"https:\/\/www.evropskakuca.me\/me\/pregled-zaposljavanja-i-socijalnog-razvoja-u-evropi-zasto-su-socijalna-pravicnost-i-solidarnost-vazniji-nego-ikad\/#breadcrumb","itemListElement":[{"@type":"ListItem","position":1,"name":"Home","item":"https:\/\/www.evropskakuca.me\/me\/"},{"@type":"ListItem","position":2,"name":"Pregled zapo\u0161ljavanja i socijalnog razvoja u Evropi: za\u0161to su socijalna pravi\u010dnost i solidarnost va\u017eniji nego ikad"}]},{"@type":"WebSite","@id":"https:\/\/www.evropskakuca.me\/me\/#website","url":"https:\/\/www.evropskakuca.me\/me\/","name":"Evropean house","description":"","publisher":{"@id":"https:\/\/www.evropskakuca.me\/me\/#organization"},"potentialAction":[{"@type":"SearchAction","target":{"@type":"EntryPoint","urlTemplate":"https:\/\/www.evropskakuca.me\/me\/?s={search_term_string}"},"query-input":{"@type":"PropertyValueSpecification","valueRequired":true,"valueName":"search_term_string"}}],"inLanguage":"me-ME"},{"@type":"Organization","@id":"https:\/\/www.evropskakuca.me\/me\/#organization","name":"Evropean house","url":"https:\/\/www.evropskakuca.me\/me\/","logo":{"@type":"ImageObject","inLanguage":"me-ME","@id":"https:\/\/www.evropskakuca.me\/me\/#\/schema\/logo\/image\/","url":"https:\/\/www.evropskakuca.me\/wp-content\/uploads\/2025\/01\/evropska-kuca-logo-1.png","contentUrl":"https:\/\/www.evropskakuca.me\/wp-content\/uploads\/2025\/01\/evropska-kuca-logo-1.png","width":425,"height":312,"caption":"Evropean house"},"image":{"@id":"https:\/\/www.evropskakuca.me\/me\/#\/schema\/logo\/image\/"},"sameAs":["https:\/\/www.facebook.com\/evropska.kuca","https:\/\/x.com\/evropska_kuca","https:\/\/www.instagram.com\/evropska_kuca"]},{"@type":"Person","@id":"https:\/\/www.evropskakuca.me\/me\/#\/schema\/person\/a1d0dcdaefe4a1cd1d60d200ea137ba4","name":"mkajic","image":{"@type":"ImageObject","inLanguage":"me-ME","@id":"https:\/\/secure.gravatar.com\/avatar\/731fa035cefab7316e6bafd1f25a93fb731a07de14e2d9923f8db4422628eabc?s=96&d=mm&r=g","url":"https:\/\/secure.gravatar.com\/avatar\/731fa035cefab7316e6bafd1f25a93fb731a07de14e2d9923f8db4422628eabc?s=96&d=mm&r=g","contentUrl":"https:\/\/secure.gravatar.com\/avatar\/731fa035cefab7316e6bafd1f25a93fb731a07de14e2d9923f8db4422628eabc?s=96&d=mm&r=g","caption":"mkajic"},"sameAs":["https:\/\/evropskakuca.me"],"url":"https:\/\/www.evropskakuca.me\/me\/author\/mkajic\/"}]}},"_links":{"self":[{"href":"https:\/\/www.evropskakuca.me\/me\/wp-json\/wp\/v2\/posts\/10313","targetHints":{"allow":["GET"]}}],"collection":[{"href":"https:\/\/www.evropskakuca.me\/me\/wp-json\/wp\/v2\/posts"}],"about":[{"href":"https:\/\/www.evropskakuca.me\/me\/wp-json\/wp\/v2\/types\/post"}],"author":[{"embeddable":true,"href":"https:\/\/www.evropskakuca.me\/me\/wp-json\/wp\/v2\/users\/1"}],"replies":[{"embeddable":true,"href":"https:\/\/www.evropskakuca.me\/me\/wp-json\/wp\/v2\/comments?post=10313"}],"version-history":[{"count":0,"href":"https:\/\/www.evropskakuca.me\/me\/wp-json\/wp\/v2\/posts\/10313\/revisions"}],"wp:featuredmedia":[{"embeddable":true,"href":"https:\/\/www.evropskakuca.me\/me\/wp-json\/wp\/v2\/media\/35622"}],"wp:attachment":[{"href":"https:\/\/www.evropskakuca.me\/me\/wp-json\/wp\/v2\/media?parent=10313"}],"wp:term":[{"taxonomy":"category","embeddable":true,"href":"https:\/\/www.evropskakuca.me\/me\/wp-json\/wp\/v2\/categories?post=10313"},{"taxonomy":"post_tag","embeddable":true,"href":"https:\/\/www.evropskakuca.me\/me\/wp-json\/wp\/v2\/tags?post=10313"}],"curies":[{"name":"wp","href":"https:\/\/api.w.org\/{rel}","templated":true}]}}