{"id":10298,"date":"2020-09-08T13:41:00","date_gmt":"2020-09-08T13:41:00","guid":{"rendered":"http:\/\/www.evropskakuca.me\/?p=10298"},"modified":"2020-09-08T13:41:00","modified_gmt":"2020-09-08T13:41:00","slug":"borba-roma-sa-diskriminacijom-i-predrasudama","status":"publish","type":"post","link":"https:\/\/www.evropskakuca.me\/me\/borba-roma-sa-diskriminacijom-i-predrasudama\/","title":{"rendered":"Borba Roma sa diskriminacijom i predrasudama"},"content":{"rendered":"<p>Romska zajednica u Crnoj Gori sada je znatno pripremljenija na borbu sa korona virusom, pri\u010da nam Almir Tahiri. Ka\u017ee da se Romi polako navikavaju na sve \u0161to je pandemija donijela sa sobom. Za razliku od prvog talasa kada je borba sa virusom bila borba sa nepoznatim Romi su sada daleko spremniji i najve\u0107i dio zajednice, ka\u017ee Almir, vodi ra\u010duna i primjenjuje pravila. Sa ponosom isti\u010de da je dokaz tome da nema Roma u Crnoj Gori koji je zara\u017een ovim virusom.<\/p>\n<p>\u201cMislim da je razlog tome \u010dinjenica da se Romi boje ove pandemije i generalno svih zaraznih bolesti. Romi \u017eive u kolektivu sa obiljem kontakata ali su ovaj put shvatili da je situacija ozbiljna i na to sam ponosan. Smatram da je dosta doprinijela i kampanja koju je vodio \u201eUjedinjeni pokret Roma i Egip\u0107ana\u201c , kao dio kampanje Ostani ku\u0107i. I\u0161li smo i obja\u0161njavali \u0161ta se doga\u0111a i da je virus ozbiljna stvar. Mnogi su nas poslu\u0161ali\u201c ka\u017ee Almir Tahiri.<\/p>\n<p>Almir Tahiri je sasvim obi\u010dan mladi\u0107 iz Herceg Novog. Zavr\u0161io je Fakultet politi\u010dkih nauka, usavr\u0161avao se na Centralno Evropskom Univerzitetu u Budimpe\u0161ti. Bio na razmjeni studenata u Sjedinjenim Ameru\u010dkim Dr\u017eavama. Tokom studija u Podgorici bio je aktivan u civilnom sektoru, bavio se romskim politikama u \u017eelji da olak\u0161a stanje u kojem se nalazi njegova zajednica.<\/p>\n<p>U prvom talasu korona virusa u Crnoj Gori, Almir se trudio da svojoj zajednici olak\u0161a sve ono \u0161to je donijelo potpuno zatvaranje. Aktivno se uklju\u010dio u raspodjelu pomo\u0107i koju je finansirala Evropska unija a distribuirale organizacije HELP i \u201cPhiren Amenca\u201c. Samo kroz ovu akciju podijeljeni su paketi sa osnovnim potrep\u0161tinama za 400 romskim porodica u Nik\u0161i\u0107u, Beranama, Bijelom Polju i Herceg Novom. U tom vremenu, sa svojom bra\u0107om i prijateljima se stavio na raspolaganje Crvenom Krstu.<\/p>\n<p>U drugom talasu koronavirusa, ka\u017ee Almir, dr\u017eava je preuzela sve aktivnosti vezane za borbu sa Covid 19. Nije bilo potreba da se anga\u017euje u pomo\u0107i zajednici jer su se stvari koliko toliko normalizovale. Almir se posvetio uvezivanju sa ostalim romskih aktivistima u Crnoj Goru kako bi se u narednom periodu stvorila platforma za razgovor zajednice sa najvi\u0161im dr\u017eavnim zvani\u010dnicima povodom situacije sa Covid 19.<\/p>\n<p>\u201cNa\u0161a filozofija je da se na taj razgovor mora po\u0107i sa nekom vizijom rje\u0161enja koje bi bilo na obostranu korist, i dr\u017eave i zajednice. Druga\u010dija su vremena i treba se posvetiti kreiranju savremenih strategija integrisanja Roma u dru\u0161tvo. Vremena zadovoljavanja osnovnim \u017eivotnih potreba su\u00a0 pro\u0161la. Mladi Romi svoju zajednicu vide kao prihva\u0107enu u dru\u0161tvu, bez ikakvih predrasuda.\u201c ka\u017ee Almir.<\/p>\n<p><img fetchpriority=\"high\" decoding=\"async\" class=\"alignnone size-large wp-image-10294\" src=\"http:\/\/www.evropskakuca.me\/wp-content\/uploads\/2020\/09\/morinj-romi-elmir-2-1024x683.jpg\" alt=\"\" width=\"1024\" height=\"683\" \/><\/p>\n<p>Biti Rom zna\u010di znati \u0161ta zna\u010di diskriminacija. Biti Rom zna\u010di svakodnevno osje\u0107ati diskriminaciju na svojoj ko\u017ei, ba\u0161 zbog boje te ko\u017ee. Za pobjedu nad diskriminacijom trebaju korjenite promjene i vrijeme. Za po\u010detak bi bilo dobro u \u0161kolske ud\u017ebenike uvesti poglavlje o Romima, da bi generacije koje rastu druga\u010dije gledale na razli\u010ditosti, ka\u017ee Almir.<\/p>\n<p>Ve\u0107 godinama Almir organizuje \u010dasove engleskog za grupu mladih Roma u Herceg Novom. U\u010denike srednje \u0161kole u\u010di aktivizmu, istoriji i kulturi Roma. Predstavlja im mogu\u0107nosti koje ih \u010dekaju samo ako nastave sa obrazovanjem. Ipak, mo\u017eda dru\u0161tvo ima predrasude prema Romima ali i Romi, ka\u017ee Almir, imaju svoje predrasude.<\/p>\n<p>\u201cNeki su me poslu\u0161ali a neki su napustili srednju \u0161kolu. Treba sjesti i razgovarati da se vidi sva\u010diji potencijal. Ja me\u0111u tim mladim ljudima vidim potencijal, svi oni govore po nekoliko jezika. Ali oni nemaju volju. Oni nemaju pozitivan primjer. Pitaju se \u0161to bi i\u0161li na fakultet kad ih kao Rome \u010deka \u010di\u0161\u0107enje ulica. To su i meni govorili, za\u0161to u\u010di\u0161 kad \u0107e\u0161 \u010distiti ulice. Ja to nisam prihvatio. I sve sam u\u010dinio da do\u0111em do falkutetske diplome. A samo ja znam koliko je te\u017eak bio taj put.\u201c ka\u017ee Amlir Tahiri.<\/p>\n<p>Almir Tahiri, primjer da \u010dovjek mo\u017ee sve kad ima volju i kad je spreman na \u017ertvu. I tome u\u010di mlade Rome.<\/p>\n<p>&nbsp;<\/p>\n","protected":false},"excerpt":{"rendered":"<p>\u010cemu u\u010denje kad \u0107e\u0161 na kraju \u010distiti ulice?<\/p>\n","protected":false},"author":1,"featured_media":35650,"comment_status":"closed","ping_status":"closed","sticky":false,"template":"","format":"standard","meta":{"_acf_changed":false,"footnotes":""},"categories":[283],"tags":[],"class_list":["post-10298","post","type-post","status-publish","format-standard","has-post-thumbnail","hentry","category-novosti-me"],"acf":[],"yoast_head":"<!-- This site is optimized with the Yoast SEO plugin v27.3 - https:\/\/yoast.com\/product\/yoast-seo-wordpress\/ -->\n<title>Borba Roma sa diskriminacijom i predrasudama - Europe House<\/title>\n<meta name=\"robots\" content=\"index, follow, max-snippet:-1, max-image-preview:large, max-video-preview:-1\" \/>\n<link rel=\"canonical\" href=\"https:\/\/www.evropskakuca.me\/me\/borba-roma-sa-diskriminacijom-i-predrasudama\/\" \/>\n<meta property=\"og:locale\" content=\"en_US\" \/>\n<meta property=\"og:type\" content=\"article\" \/>\n<meta property=\"og:title\" content=\"Borba Roma sa diskriminacijom i predrasudama - Europe House\" \/>\n<meta property=\"og:description\" content=\"\u010cemu u\u010denje kad \u0107e\u0161 na kraju \u010distiti ulice?\" \/>\n<meta property=\"og:url\" content=\"https:\/\/www.evropskakuca.me\/me\/borba-roma-sa-diskriminacijom-i-predrasudama\/\" \/>\n<meta property=\"og:site_name\" content=\"Europe House\" \/>\n<meta property=\"article:publisher\" content=\"https:\/\/www.facebook.com\/evropska.kuca\" \/>\n<meta property=\"article:published_time\" content=\"2020-09-08T13:41:00+00:00\" \/>\n<meta property=\"og:image\" content=\"https:\/\/www.evropskakuca.me\/wp-content\/uploads\/2020\/09\/morinj-romi-elmir-scaled.jpg\" \/>\n\t<meta property=\"og:image:width\" content=\"2560\" \/>\n\t<meta property=\"og:image:height\" content=\"1707\" \/>\n\t<meta property=\"og:image:type\" content=\"image\/jpeg\" \/>\n<meta name=\"author\" content=\"mkajic\" \/>\n<meta name=\"twitter:card\" content=\"summary_large_image\" \/>\n<meta name=\"twitter:creator\" content=\"@evropska_kuca\" \/>\n<meta name=\"twitter:site\" content=\"@evropska_kuca\" \/>\n<meta name=\"twitter:label1\" content=\"Written by\" \/>\n\t<meta name=\"twitter:data1\" content=\"mkajic\" \/>\n\t<meta name=\"twitter:label2\" content=\"Est. reading time\" \/>\n\t<meta name=\"twitter:data2\" content=\"3 minutes\" \/>\n<script type=\"application\/ld+json\" class=\"yoast-schema-graph\">{\"@context\":\"https:\\\/\\\/schema.org\",\"@graph\":[{\"@type\":\"Article\",\"@id\":\"https:\\\/\\\/www.evropskakuca.me\\\/me\\\/borba-roma-sa-diskriminacijom-i-predrasudama\\\/#article\",\"isPartOf\":{\"@id\":\"https:\\\/\\\/www.evropskakuca.me\\\/me\\\/borba-roma-sa-diskriminacijom-i-predrasudama\\\/\"},\"author\":{\"name\":\"mkajic\",\"@id\":\"https:\\\/\\\/www.evropskakuca.me\\\/me\\\/#\\\/schema\\\/person\\\/a1d0dcdaefe4a1cd1d60d200ea137ba4\"},\"headline\":\"Borba Roma sa diskriminacijom i predrasudama\",\"datePublished\":\"2020-09-08T13:41:00+00:00\",\"mainEntityOfPage\":{\"@id\":\"https:\\\/\\\/www.evropskakuca.me\\\/me\\\/borba-roma-sa-diskriminacijom-i-predrasudama\\\/\"},\"wordCount\":705,\"publisher\":{\"@id\":\"https:\\\/\\\/www.evropskakuca.me\\\/me\\\/#organization\"},\"image\":{\"@id\":\"https:\\\/\\\/www.evropskakuca.me\\\/me\\\/borba-roma-sa-diskriminacijom-i-predrasudama\\\/#primaryimage\"},\"thumbnailUrl\":\"https:\\\/\\\/www.evropskakuca.me\\\/wp-content\\\/uploads\\\/2020\\\/09\\\/morinj-romi-elmir-scaled.jpg\",\"articleSection\":[\"Novosti\"],\"inLanguage\":\"me-ME\"},{\"@type\":\"WebPage\",\"@id\":\"https:\\\/\\\/www.evropskakuca.me\\\/me\\\/borba-roma-sa-diskriminacijom-i-predrasudama\\\/\",\"url\":\"https:\\\/\\\/www.evropskakuca.me\\\/me\\\/borba-roma-sa-diskriminacijom-i-predrasudama\\\/\",\"name\":\"Borba Roma sa diskriminacijom i predrasudama - Europe House\",\"isPartOf\":{\"@id\":\"https:\\\/\\\/www.evropskakuca.me\\\/me\\\/#website\"},\"primaryImageOfPage\":{\"@id\":\"https:\\\/\\\/www.evropskakuca.me\\\/me\\\/borba-roma-sa-diskriminacijom-i-predrasudama\\\/#primaryimage\"},\"image\":{\"@id\":\"https:\\\/\\\/www.evropskakuca.me\\\/me\\\/borba-roma-sa-diskriminacijom-i-predrasudama\\\/#primaryimage\"},\"thumbnailUrl\":\"https:\\\/\\\/www.evropskakuca.me\\\/wp-content\\\/uploads\\\/2020\\\/09\\\/morinj-romi-elmir-scaled.jpg\",\"datePublished\":\"2020-09-08T13:41:00+00:00\",\"breadcrumb\":{\"@id\":\"https:\\\/\\\/www.evropskakuca.me\\\/me\\\/borba-roma-sa-diskriminacijom-i-predrasudama\\\/#breadcrumb\"},\"inLanguage\":\"me-ME\",\"potentialAction\":[{\"@type\":\"ReadAction\",\"target\":[\"https:\\\/\\\/www.evropskakuca.me\\\/me\\\/borba-roma-sa-diskriminacijom-i-predrasudama\\\/\"]}]},{\"@type\":\"ImageObject\",\"inLanguage\":\"me-ME\",\"@id\":\"https:\\\/\\\/www.evropskakuca.me\\\/me\\\/borba-roma-sa-diskriminacijom-i-predrasudama\\\/#primaryimage\",\"url\":\"https:\\\/\\\/www.evropskakuca.me\\\/wp-content\\\/uploads\\\/2020\\\/09\\\/morinj-romi-elmir-scaled.jpg\",\"contentUrl\":\"https:\\\/\\\/www.evropskakuca.me\\\/wp-content\\\/uploads\\\/2020\\\/09\\\/morinj-romi-elmir-scaled.jpg\",\"width\":2560,\"height\":1707},{\"@type\":\"BreadcrumbList\",\"@id\":\"https:\\\/\\\/www.evropskakuca.me\\\/me\\\/borba-roma-sa-diskriminacijom-i-predrasudama\\\/#breadcrumb\",\"itemListElement\":[{\"@type\":\"ListItem\",\"position\":1,\"name\":\"Home\",\"item\":\"https:\\\/\\\/www.evropskakuca.me\\\/me\\\/\"},{\"@type\":\"ListItem\",\"position\":2,\"name\":\"Borba Roma sa diskriminacijom i predrasudama\"}]},{\"@type\":\"WebSite\",\"@id\":\"https:\\\/\\\/www.evropskakuca.me\\\/me\\\/#website\",\"url\":\"https:\\\/\\\/www.evropskakuca.me\\\/me\\\/\",\"name\":\"Evropean house\",\"description\":\"\",\"publisher\":{\"@id\":\"https:\\\/\\\/www.evropskakuca.me\\\/me\\\/#organization\"},\"potentialAction\":[{\"@type\":\"SearchAction\",\"target\":{\"@type\":\"EntryPoint\",\"urlTemplate\":\"https:\\\/\\\/www.evropskakuca.me\\\/me\\\/?s={search_term_string}\"},\"query-input\":{\"@type\":\"PropertyValueSpecification\",\"valueRequired\":true,\"valueName\":\"search_term_string\"}}],\"inLanguage\":\"me-ME\"},{\"@type\":\"Organization\",\"@id\":\"https:\\\/\\\/www.evropskakuca.me\\\/me\\\/#organization\",\"name\":\"Evropean house\",\"url\":\"https:\\\/\\\/www.evropskakuca.me\\\/me\\\/\",\"logo\":{\"@type\":\"ImageObject\",\"inLanguage\":\"me-ME\",\"@id\":\"https:\\\/\\\/www.evropskakuca.me\\\/me\\\/#\\\/schema\\\/logo\\\/image\\\/\",\"url\":\"https:\\\/\\\/www.evropskakuca.me\\\/wp-content\\\/uploads\\\/2025\\\/01\\\/evropska-kuca-logo-1.png\",\"contentUrl\":\"https:\\\/\\\/www.evropskakuca.me\\\/wp-content\\\/uploads\\\/2025\\\/01\\\/evropska-kuca-logo-1.png\",\"width\":425,\"height\":312,\"caption\":\"Evropean house\"},\"image\":{\"@id\":\"https:\\\/\\\/www.evropskakuca.me\\\/me\\\/#\\\/schema\\\/logo\\\/image\\\/\"},\"sameAs\":[\"https:\\\/\\\/www.facebook.com\\\/evropska.kuca\",\"https:\\\/\\\/x.com\\\/evropska_kuca\",\"https:\\\/\\\/www.instagram.com\\\/evropska_kuca\"]},{\"@type\":\"Person\",\"@id\":\"https:\\\/\\\/www.evropskakuca.me\\\/me\\\/#\\\/schema\\\/person\\\/a1d0dcdaefe4a1cd1d60d200ea137ba4\",\"name\":\"mkajic\",\"image\":{\"@type\":\"ImageObject\",\"inLanguage\":\"me-ME\",\"@id\":\"https:\\\/\\\/secure.gravatar.com\\\/avatar\\\/731fa035cefab7316e6bafd1f25a93fb731a07de14e2d9923f8db4422628eabc?s=96&d=mm&r=g\",\"url\":\"https:\\\/\\\/secure.gravatar.com\\\/avatar\\\/731fa035cefab7316e6bafd1f25a93fb731a07de14e2d9923f8db4422628eabc?s=96&d=mm&r=g\",\"contentUrl\":\"https:\\\/\\\/secure.gravatar.com\\\/avatar\\\/731fa035cefab7316e6bafd1f25a93fb731a07de14e2d9923f8db4422628eabc?s=96&d=mm&r=g\",\"caption\":\"mkajic\"},\"sameAs\":[\"https:\\\/\\\/evropskakuca.me\"],\"url\":\"https:\\\/\\\/www.evropskakuca.me\\\/me\\\/author\\\/mkajic\\\/\"}]}<\/script>\n<!-- \/ Yoast SEO plugin. -->","yoast_head_json":{"title":"Borba Roma sa diskriminacijom i predrasudama - Europe House","robots":{"index":"index","follow":"follow","max-snippet":"max-snippet:-1","max-image-preview":"max-image-preview:large","max-video-preview":"max-video-preview:-1"},"canonical":"https:\/\/www.evropskakuca.me\/me\/borba-roma-sa-diskriminacijom-i-predrasudama\/","og_locale":"en_US","og_type":"article","og_title":"Borba Roma sa diskriminacijom i predrasudama - Europe House","og_description":"\u010cemu u\u010denje kad \u0107e\u0161 na kraju \u010distiti ulice?","og_url":"https:\/\/www.evropskakuca.me\/me\/borba-roma-sa-diskriminacijom-i-predrasudama\/","og_site_name":"Europe House","article_publisher":"https:\/\/www.facebook.com\/evropska.kuca","article_published_time":"2020-09-08T13:41:00+00:00","og_image":[{"width":2560,"height":1707,"url":"https:\/\/www.evropskakuca.me\/wp-content\/uploads\/2020\/09\/morinj-romi-elmir-scaled.jpg","type":"image\/jpeg"}],"author":"mkajic","twitter_card":"summary_large_image","twitter_creator":"@evropska_kuca","twitter_site":"@evropska_kuca","twitter_misc":{"Written by":"mkajic","Est. reading time":"3 minutes"},"schema":{"@context":"https:\/\/schema.org","@graph":[{"@type":"Article","@id":"https:\/\/www.evropskakuca.me\/me\/borba-roma-sa-diskriminacijom-i-predrasudama\/#article","isPartOf":{"@id":"https:\/\/www.evropskakuca.me\/me\/borba-roma-sa-diskriminacijom-i-predrasudama\/"},"author":{"name":"mkajic","@id":"https:\/\/www.evropskakuca.me\/me\/#\/schema\/person\/a1d0dcdaefe4a1cd1d60d200ea137ba4"},"headline":"Borba Roma sa diskriminacijom i predrasudama","datePublished":"2020-09-08T13:41:00+00:00","mainEntityOfPage":{"@id":"https:\/\/www.evropskakuca.me\/me\/borba-roma-sa-diskriminacijom-i-predrasudama\/"},"wordCount":705,"publisher":{"@id":"https:\/\/www.evropskakuca.me\/me\/#organization"},"image":{"@id":"https:\/\/www.evropskakuca.me\/me\/borba-roma-sa-diskriminacijom-i-predrasudama\/#primaryimage"},"thumbnailUrl":"https:\/\/www.evropskakuca.me\/wp-content\/uploads\/2020\/09\/morinj-romi-elmir-scaled.jpg","articleSection":["Novosti"],"inLanguage":"me-ME"},{"@type":"WebPage","@id":"https:\/\/www.evropskakuca.me\/me\/borba-roma-sa-diskriminacijom-i-predrasudama\/","url":"https:\/\/www.evropskakuca.me\/me\/borba-roma-sa-diskriminacijom-i-predrasudama\/","name":"Borba Roma sa diskriminacijom i predrasudama - Europe House","isPartOf":{"@id":"https:\/\/www.evropskakuca.me\/me\/#website"},"primaryImageOfPage":{"@id":"https:\/\/www.evropskakuca.me\/me\/borba-roma-sa-diskriminacijom-i-predrasudama\/#primaryimage"},"image":{"@id":"https:\/\/www.evropskakuca.me\/me\/borba-roma-sa-diskriminacijom-i-predrasudama\/#primaryimage"},"thumbnailUrl":"https:\/\/www.evropskakuca.me\/wp-content\/uploads\/2020\/09\/morinj-romi-elmir-scaled.jpg","datePublished":"2020-09-08T13:41:00+00:00","breadcrumb":{"@id":"https:\/\/www.evropskakuca.me\/me\/borba-roma-sa-diskriminacijom-i-predrasudama\/#breadcrumb"},"inLanguage":"me-ME","potentialAction":[{"@type":"ReadAction","target":["https:\/\/www.evropskakuca.me\/me\/borba-roma-sa-diskriminacijom-i-predrasudama\/"]}]},{"@type":"ImageObject","inLanguage":"me-ME","@id":"https:\/\/www.evropskakuca.me\/me\/borba-roma-sa-diskriminacijom-i-predrasudama\/#primaryimage","url":"https:\/\/www.evropskakuca.me\/wp-content\/uploads\/2020\/09\/morinj-romi-elmir-scaled.jpg","contentUrl":"https:\/\/www.evropskakuca.me\/wp-content\/uploads\/2020\/09\/morinj-romi-elmir-scaled.jpg","width":2560,"height":1707},{"@type":"BreadcrumbList","@id":"https:\/\/www.evropskakuca.me\/me\/borba-roma-sa-diskriminacijom-i-predrasudama\/#breadcrumb","itemListElement":[{"@type":"ListItem","position":1,"name":"Home","item":"https:\/\/www.evropskakuca.me\/me\/"},{"@type":"ListItem","position":2,"name":"Borba Roma sa diskriminacijom i predrasudama"}]},{"@type":"WebSite","@id":"https:\/\/www.evropskakuca.me\/me\/#website","url":"https:\/\/www.evropskakuca.me\/me\/","name":"Evropean house","description":"","publisher":{"@id":"https:\/\/www.evropskakuca.me\/me\/#organization"},"potentialAction":[{"@type":"SearchAction","target":{"@type":"EntryPoint","urlTemplate":"https:\/\/www.evropskakuca.me\/me\/?s={search_term_string}"},"query-input":{"@type":"PropertyValueSpecification","valueRequired":true,"valueName":"search_term_string"}}],"inLanguage":"me-ME"},{"@type":"Organization","@id":"https:\/\/www.evropskakuca.me\/me\/#organization","name":"Evropean house","url":"https:\/\/www.evropskakuca.me\/me\/","logo":{"@type":"ImageObject","inLanguage":"me-ME","@id":"https:\/\/www.evropskakuca.me\/me\/#\/schema\/logo\/image\/","url":"https:\/\/www.evropskakuca.me\/wp-content\/uploads\/2025\/01\/evropska-kuca-logo-1.png","contentUrl":"https:\/\/www.evropskakuca.me\/wp-content\/uploads\/2025\/01\/evropska-kuca-logo-1.png","width":425,"height":312,"caption":"Evropean house"},"image":{"@id":"https:\/\/www.evropskakuca.me\/me\/#\/schema\/logo\/image\/"},"sameAs":["https:\/\/www.facebook.com\/evropska.kuca","https:\/\/x.com\/evropska_kuca","https:\/\/www.instagram.com\/evropska_kuca"]},{"@type":"Person","@id":"https:\/\/www.evropskakuca.me\/me\/#\/schema\/person\/a1d0dcdaefe4a1cd1d60d200ea137ba4","name":"mkajic","image":{"@type":"ImageObject","inLanguage":"me-ME","@id":"https:\/\/secure.gravatar.com\/avatar\/731fa035cefab7316e6bafd1f25a93fb731a07de14e2d9923f8db4422628eabc?s=96&d=mm&r=g","url":"https:\/\/secure.gravatar.com\/avatar\/731fa035cefab7316e6bafd1f25a93fb731a07de14e2d9923f8db4422628eabc?s=96&d=mm&r=g","contentUrl":"https:\/\/secure.gravatar.com\/avatar\/731fa035cefab7316e6bafd1f25a93fb731a07de14e2d9923f8db4422628eabc?s=96&d=mm&r=g","caption":"mkajic"},"sameAs":["https:\/\/evropskakuca.me"],"url":"https:\/\/www.evropskakuca.me\/me\/author\/mkajic\/"}]}},"_links":{"self":[{"href":"https:\/\/www.evropskakuca.me\/me\/wp-json\/wp\/v2\/posts\/10298","targetHints":{"allow":["GET"]}}],"collection":[{"href":"https:\/\/www.evropskakuca.me\/me\/wp-json\/wp\/v2\/posts"}],"about":[{"href":"https:\/\/www.evropskakuca.me\/me\/wp-json\/wp\/v2\/types\/post"}],"author":[{"embeddable":true,"href":"https:\/\/www.evropskakuca.me\/me\/wp-json\/wp\/v2\/users\/1"}],"replies":[{"embeddable":true,"href":"https:\/\/www.evropskakuca.me\/me\/wp-json\/wp\/v2\/comments?post=10298"}],"version-history":[{"count":0,"href":"https:\/\/www.evropskakuca.me\/me\/wp-json\/wp\/v2\/posts\/10298\/revisions"}],"wp:featuredmedia":[{"embeddable":true,"href":"https:\/\/www.evropskakuca.me\/me\/wp-json\/wp\/v2\/media\/35650"}],"wp:attachment":[{"href":"https:\/\/www.evropskakuca.me\/me\/wp-json\/wp\/v2\/media?parent=10298"}],"wp:term":[{"taxonomy":"category","embeddable":true,"href":"https:\/\/www.evropskakuca.me\/me\/wp-json\/wp\/v2\/categories?post=10298"},{"taxonomy":"post_tag","embeddable":true,"href":"https:\/\/www.evropskakuca.me\/me\/wp-json\/wp\/v2\/tags?post=10298"}],"curies":[{"name":"wp","href":"https:\/\/api.w.org\/{rel}","templated":true}]}}