{"id":10250,"date":"2020-07-31T12:33:03","date_gmt":"2020-07-31T12:33:03","guid":{"rendered":"http:\/\/www.evropskakuca.me\/?p=10250"},"modified":"2020-07-31T12:33:03","modified_gmt":"2020-07-31T12:33:03","slug":"sve-o-erasmus-programu-u-vrijeme-korone","status":"publish","type":"post","link":"https:\/\/www.evropskakuca.me\/me\/sve-o-erasmus-programu-u-vrijeme-korone\/","title":{"rendered":"Sve o Erasmus+ programu u vrijeme korone"},"content":{"rendered":"<p>Program Evropske unije za obrazovanje, obuku, mlade i sport Erasmus+ funkcioni\u0161e i u doba pandemije korona virusa, iako je njegova su\u0161tina u mobilnosti mladih ljudi, odnosno njihovom boravku u inostranstvu. Program je prilago\u0111en postoje\u0107im okolnostima, pa su neke od aktivnosti na terenu odlo\u017eene ili zamijenjene radom online, a od narednog semestra prvi put bi\u0107e primijenjena kombinovana mobilnost.<\/p>\n<p>\u0160ta to zna\u010di, kako trenutno funkcioni\u0161e Erasmus+, kada \u0107e biti raspisani novi konkursi, te kakva su iskustva mladih iz Crne Gore, koji sada borave u inostranstvu, pitanja su o kojima se razgovaralo tokom vebinara \u201eErasmus kafa na distanci\u201c, koji smo oragnizovali u saradnji sa Nacionalnom Erasmus+ kancelarijom, ADP \u201eZid\u201c &#8211; kontakt ta\u010dkom \u201eErasmus+Mladi u Akciji\u201c i Centrom za me\u0111unarodnu saradnju UCG.<\/p>\n<p>Dileme nema \u2013 studenti iz Crne Gore \u0107e od septembra mogu da se prijave za stipendiju u nekoj od evropskih zemalja. Ipak, na\u010din na koji \u0107e je realizovati bi\u0107e ne\u0161to drug\u010diji, jer \u0107e prvi put biti uvedena kombinovana mobilnost, otkrila nam je Rina Muhaj iz <u><a href=\"http:\/\/www.erasmusplus.ac.me\/\">Nacionalne Erasmus+ kancelarije<\/a><\/u>.<\/p>\n<p>\u201eOd institucija visokog obrazovanja se tra\u017ei da omogu\u0107e kombinovanu mobilnost, koja podrazumijeva virtuelnu i fizi\u010dku mobilnost. Studentni koji dobiju stipendiju, mogu da po\u010dnu mobilnost na virutelni na\u010din, odnosno, da online prate svoja predavanja, a zatim kad situacija to dopusti, da po\u0111u na fizi\u010dku mobilnost, odnosno, otputuju u zemlju koju su odabrali\u201c, objasnila je Muhaj tokom vebinara, koji je pratilo vi\u0161e od 50 mladih.<\/p>\n<p>Univerzitet Crne Gore ima potpisane bilateralne ugovore sa 114 univerziteta \u0161irom Evrope, a svakog semestra raspisuje oko 60 konkursa u okviru Erasmus+ programa. Naredni konkurs bi\u0107e raspisan u septembru, najavila je Nikolina Radulovi\u0107 iz <u><a href=\"https:\/\/www.ucg.ac.me\/rektorat\/saradnja\">Centra za me\u0111unarodnu saradnju Univerziteta Crne Gore<\/a><\/u>.<\/p>\n<p>\u201eNa\u0161i planovi su da u septembru opet objavimo konkurse, a od epidemiolo\u0161ke situacije i okolnosti zavisi kako \u0107e se sve odvijati\u201c, navela je Radulovi\u0107.<\/p>\n<p>Pravo da se prijave imaju studenti koji su zavr\u0161ili najmanje prvu godinu fakulteta. Konkurse mogu potra\u017eiti na sajtu <a href=\"https:\/\/www.ucg.ac.me\/rektorat\/saradnja\">Centra za me\u0111unarodnu saradnju<\/a> i imaju tri sedmice da prikupe tra\u017eenu dokumentaciju. Na\u0161e sagovornice podsje\u0107aju da prosjek ocijena nije presudan, ve\u0107 da se posebna pa\u017enja poklanja poznavanju jezika i vannastavnim aktivnostima. Visina stipendije iznosi oko 850 eura, a pokriveni su i tro\u0161kovi avionske karte. U slu\u010daju kombinovane mobilnosti, studenti ne\u0107e primati grant tokom virtuelnog dijela, odnosno, po\u010de\u0107e da primaju stipendiju tek kada otputuje u drugu zemlju.<\/p>\n<p>Mogu se prijaviti i studenti privatnih fakulteta, ali na one evropske fakultete sa kojima njihov Univerzitet ima potpisane ugovore.<\/p>\n<p>Pored studenskih razmjena, mogu\u0107e je i volontirati u okviru Erasmus+ programa. Rije\u010d je o <u><a href=\"https:\/\/europa.eu\/youth\/solidarity_en\">European Solidarity Corps <\/a><\/u>&#8211; Evropskoj inicijativi za solidarnost, koja je namijenjena mladima od 18 do 30 godine, bez obzira na to da li studiraju. Konkursi su dostupni na sajtu ovog programa i otvoreni su tokom cijele godine. U okviru volonterskih projekata, pokriveni su tro\u0161kovi avionske karte, smje\u0161taja, osiguranja i kursa jezika, a mjese\u010dno se dobija i d\u017eeparac u iznosu od oko 400 eura.<\/p>\n<p>\u201eOvaj program je relativno novi, pokrenut je 2018. godine i po\u010diva na osnovnim principima EU, prije svega na principu solidarnosti. Mladima nudi mogu\u0107nosti da volontiraju na razli\u010ditim projektima, zaista je \u0161iroka paleta oblasti \u2013 kultura, za\u0161tita ljudskih prava, zdravstvo, za\u0161tita \u017eivotne sredine&#8230; Diploma i visok prosjek nisu potrebni, ve\u0107 samo volja da se doprinese \u0161iroj zajednici\u201c, navela je Mirela Kalamperovi\u0107 iz ADP Zid.<\/p>\n<p>Trenutno tri djevojke iz Crne Gore volonitraju u okviru ovog projekta. Jedna od njih je Jelena Ze\u010devi\u0107, koja se u vebinar uklju\u010dila iz Italije. U treutnuku izbijanja pandemije, \u017eivjela je u Milanu, odakle se na kratko vratila ku\u0107i.<\/p>\n<p>\u201eU svakom trenutku sam bila u kontaktu sa organizacijom, obavje\u0161tavali su nas o na\u0161im pravima i mogu\u0107nostima, imala sam opciju da odem ku\u0107i i da se sada vratim u Italiju. Prije korone sam radila u kancelariji otprilike 7 sati. Bila sam uklju\u010dena u sve aktivnosti, pomagala sam oko organizacije doga\u0111aja, osje\u0107ala sam se kao dio tima. Mogu re\u0107i da sam stekla lijepo iskustvo rada u inostranstvu\u201c, podijelila je Jelena svoja volonterska iskustva.<\/p>\n<p>Program &#8220;Erasmus&#8221; je utemeljen 1987. godine. Erasmus+ je naslijedio i objedinio \u010detiri programa u kojima je Crna Gora u\u010destvovala u periodu od 2007. do 2013. godine: Tempus, Erasmus Mundus, Program za cjelo\u017eivotno u\u010denje i program Mladi u akciji. Erasmus+ je aktivan u 34 zemlje, u koje spadaju sve \u010dlanice EU, ali i Turska, Srbija, Makedonija, Norve\u0161ka, Island i Lihten\u0161tajn. Crna Gora u\u010destvuje zahvaljuju\u0107i tome \u0161to je program otvoren i za partnerske zemlje \u0161irom svijeta. Postoje\u0107i Erasmus+ program, koji je po\u010deo 2014. i traje 7 godina, ima bud\u017eet od 14.7 milijardi eura. Uskoro \u0107e biti kreiran novi sedmogodi\u0161nji Eramus+ plan.<\/p>\n","protected":false},"excerpt":{"rendered":"<p>EU info centar organizovao vebinar \u201eErasmus kafa na distanci\u201c <\/p>\n","protected":false},"author":1,"featured_media":35610,"comment_status":"closed","ping_status":"closed","sticky":false,"template":"","format":"standard","meta":{"_acf_changed":false,"footnotes":""},"categories":[285,287,283],"tags":[],"class_list":["post-10250","post","type-post","status-publish","format-standard","has-post-thumbnail","hentry","category-kampanje-i-eventi","category-koronavirusa","category-novosti-me"],"acf":[],"yoast_head":"<!-- This site is optimized with the Yoast SEO plugin v27.3 - https:\/\/yoast.com\/product\/yoast-seo-wordpress\/ -->\n<title>Sve o Erasmus+ programu u vrijeme korone - Europe House<\/title>\n<meta name=\"robots\" content=\"index, follow, max-snippet:-1, max-image-preview:large, max-video-preview:-1\" \/>\n<link rel=\"canonical\" href=\"https:\/\/www.evropskakuca.me\/me\/sve-o-erasmus-programu-u-vrijeme-korone\/\" \/>\n<meta property=\"og:locale\" content=\"en_US\" \/>\n<meta property=\"og:type\" content=\"article\" \/>\n<meta property=\"og:title\" content=\"Sve o Erasmus+ programu u vrijeme korone - Europe House\" \/>\n<meta property=\"og:description\" content=\"EU info centar organizovao vebinar \u201eErasmus kafa na distanci\u201c\" \/>\n<meta property=\"og:url\" content=\"https:\/\/www.evropskakuca.me\/me\/sve-o-erasmus-programu-u-vrijeme-korone\/\" \/>\n<meta property=\"og:site_name\" content=\"Europe House\" \/>\n<meta property=\"article:publisher\" content=\"https:\/\/www.facebook.com\/evropska.kuca\" \/>\n<meta property=\"article:published_time\" content=\"2020-07-31T12:33:03+00:00\" \/>\n<meta property=\"og:image\" content=\"https:\/\/www.evropskakuca.me\/wp-content\/uploads\/2020\/08\/Erasmus-kafa-na-distanci.png\" \/>\n\t<meta property=\"og:image:width\" content=\"1000\" \/>\n\t<meta property=\"og:image:height\" content=\"562\" \/>\n\t<meta property=\"og:image:type\" content=\"image\/png\" \/>\n<meta name=\"author\" content=\"mkajic\" \/>\n<meta name=\"twitter:card\" content=\"summary_large_image\" \/>\n<meta name=\"twitter:creator\" content=\"@evropska_kuca\" \/>\n<meta name=\"twitter:site\" content=\"@evropska_kuca\" \/>\n<meta name=\"twitter:label1\" content=\"Written by\" \/>\n\t<meta name=\"twitter:data1\" content=\"mkajic\" \/>\n\t<meta name=\"twitter:label2\" content=\"Est. reading time\" \/>\n\t<meta name=\"twitter:data2\" content=\"4 minutes\" \/>\n<script type=\"application\/ld+json\" class=\"yoast-schema-graph\">{\"@context\":\"https:\\\/\\\/schema.org\",\"@graph\":[{\"@type\":\"Article\",\"@id\":\"https:\\\/\\\/www.evropskakuca.me\\\/me\\\/sve-o-erasmus-programu-u-vrijeme-korone\\\/#article\",\"isPartOf\":{\"@id\":\"https:\\\/\\\/www.evropskakuca.me\\\/me\\\/sve-o-erasmus-programu-u-vrijeme-korone\\\/\"},\"author\":{\"name\":\"mkajic\",\"@id\":\"https:\\\/\\\/www.evropskakuca.me\\\/me\\\/#\\\/schema\\\/person\\\/a1d0dcdaefe4a1cd1d60d200ea137ba4\"},\"headline\":\"Sve o Erasmus+ programu u vrijeme korone\",\"datePublished\":\"2020-07-31T12:33:03+00:00\",\"mainEntityOfPage\":{\"@id\":\"https:\\\/\\\/www.evropskakuca.me\\\/me\\\/sve-o-erasmus-programu-u-vrijeme-korone\\\/\"},\"wordCount\":806,\"publisher\":{\"@id\":\"https:\\\/\\\/www.evropskakuca.me\\\/me\\\/#organization\"},\"image\":{\"@id\":\"https:\\\/\\\/www.evropskakuca.me\\\/me\\\/sve-o-erasmus-programu-u-vrijeme-korone\\\/#primaryimage\"},\"thumbnailUrl\":\"https:\\\/\\\/www.evropskakuca.me\\\/wp-content\\\/uploads\\\/2020\\\/08\\\/Erasmus-kafa-na-distanci.png\",\"articleSection\":[\"Kampanje i eventi\",\"Koronavirusa\",\"Novosti\"],\"inLanguage\":\"me-ME\"},{\"@type\":\"WebPage\",\"@id\":\"https:\\\/\\\/www.evropskakuca.me\\\/me\\\/sve-o-erasmus-programu-u-vrijeme-korone\\\/\",\"url\":\"https:\\\/\\\/www.evropskakuca.me\\\/me\\\/sve-o-erasmus-programu-u-vrijeme-korone\\\/\",\"name\":\"Sve o Erasmus+ programu u vrijeme korone - Europe House\",\"isPartOf\":{\"@id\":\"https:\\\/\\\/www.evropskakuca.me\\\/me\\\/#website\"},\"primaryImageOfPage\":{\"@id\":\"https:\\\/\\\/www.evropskakuca.me\\\/me\\\/sve-o-erasmus-programu-u-vrijeme-korone\\\/#primaryimage\"},\"image\":{\"@id\":\"https:\\\/\\\/www.evropskakuca.me\\\/me\\\/sve-o-erasmus-programu-u-vrijeme-korone\\\/#primaryimage\"},\"thumbnailUrl\":\"https:\\\/\\\/www.evropskakuca.me\\\/wp-content\\\/uploads\\\/2020\\\/08\\\/Erasmus-kafa-na-distanci.png\",\"datePublished\":\"2020-07-31T12:33:03+00:00\",\"breadcrumb\":{\"@id\":\"https:\\\/\\\/www.evropskakuca.me\\\/me\\\/sve-o-erasmus-programu-u-vrijeme-korone\\\/#breadcrumb\"},\"inLanguage\":\"me-ME\",\"potentialAction\":[{\"@type\":\"ReadAction\",\"target\":[\"https:\\\/\\\/www.evropskakuca.me\\\/me\\\/sve-o-erasmus-programu-u-vrijeme-korone\\\/\"]}]},{\"@type\":\"ImageObject\",\"inLanguage\":\"me-ME\",\"@id\":\"https:\\\/\\\/www.evropskakuca.me\\\/me\\\/sve-o-erasmus-programu-u-vrijeme-korone\\\/#primaryimage\",\"url\":\"https:\\\/\\\/www.evropskakuca.me\\\/wp-content\\\/uploads\\\/2020\\\/08\\\/Erasmus-kafa-na-distanci.png\",\"contentUrl\":\"https:\\\/\\\/www.evropskakuca.me\\\/wp-content\\\/uploads\\\/2020\\\/08\\\/Erasmus-kafa-na-distanci.png\",\"width\":1000,\"height\":562},{\"@type\":\"BreadcrumbList\",\"@id\":\"https:\\\/\\\/www.evropskakuca.me\\\/me\\\/sve-o-erasmus-programu-u-vrijeme-korone\\\/#breadcrumb\",\"itemListElement\":[{\"@type\":\"ListItem\",\"position\":1,\"name\":\"Home\",\"item\":\"https:\\\/\\\/www.evropskakuca.me\\\/me\\\/\"},{\"@type\":\"ListItem\",\"position\":2,\"name\":\"Sve o Erasmus+ programu u vrijeme korone\"}]},{\"@type\":\"WebSite\",\"@id\":\"https:\\\/\\\/www.evropskakuca.me\\\/me\\\/#website\",\"url\":\"https:\\\/\\\/www.evropskakuca.me\\\/me\\\/\",\"name\":\"Evropean house\",\"description\":\"\",\"publisher\":{\"@id\":\"https:\\\/\\\/www.evropskakuca.me\\\/me\\\/#organization\"},\"potentialAction\":[{\"@type\":\"SearchAction\",\"target\":{\"@type\":\"EntryPoint\",\"urlTemplate\":\"https:\\\/\\\/www.evropskakuca.me\\\/me\\\/?s={search_term_string}\"},\"query-input\":{\"@type\":\"PropertyValueSpecification\",\"valueRequired\":true,\"valueName\":\"search_term_string\"}}],\"inLanguage\":\"me-ME\"},{\"@type\":\"Organization\",\"@id\":\"https:\\\/\\\/www.evropskakuca.me\\\/me\\\/#organization\",\"name\":\"Evropean house\",\"url\":\"https:\\\/\\\/www.evropskakuca.me\\\/me\\\/\",\"logo\":{\"@type\":\"ImageObject\",\"inLanguage\":\"me-ME\",\"@id\":\"https:\\\/\\\/www.evropskakuca.me\\\/me\\\/#\\\/schema\\\/logo\\\/image\\\/\",\"url\":\"https:\\\/\\\/www.evropskakuca.me\\\/wp-content\\\/uploads\\\/2025\\\/01\\\/evropska-kuca-logo-1.png\",\"contentUrl\":\"https:\\\/\\\/www.evropskakuca.me\\\/wp-content\\\/uploads\\\/2025\\\/01\\\/evropska-kuca-logo-1.png\",\"width\":425,\"height\":312,\"caption\":\"Evropean house\"},\"image\":{\"@id\":\"https:\\\/\\\/www.evropskakuca.me\\\/me\\\/#\\\/schema\\\/logo\\\/image\\\/\"},\"sameAs\":[\"https:\\\/\\\/www.facebook.com\\\/evropska.kuca\",\"https:\\\/\\\/x.com\\\/evropska_kuca\",\"https:\\\/\\\/www.instagram.com\\\/evropska_kuca\"]},{\"@type\":\"Person\",\"@id\":\"https:\\\/\\\/www.evropskakuca.me\\\/me\\\/#\\\/schema\\\/person\\\/a1d0dcdaefe4a1cd1d60d200ea137ba4\",\"name\":\"mkajic\",\"image\":{\"@type\":\"ImageObject\",\"inLanguage\":\"me-ME\",\"@id\":\"https:\\\/\\\/secure.gravatar.com\\\/avatar\\\/731fa035cefab7316e6bafd1f25a93fb731a07de14e2d9923f8db4422628eabc?s=96&d=mm&r=g\",\"url\":\"https:\\\/\\\/secure.gravatar.com\\\/avatar\\\/731fa035cefab7316e6bafd1f25a93fb731a07de14e2d9923f8db4422628eabc?s=96&d=mm&r=g\",\"contentUrl\":\"https:\\\/\\\/secure.gravatar.com\\\/avatar\\\/731fa035cefab7316e6bafd1f25a93fb731a07de14e2d9923f8db4422628eabc?s=96&d=mm&r=g\",\"caption\":\"mkajic\"},\"sameAs\":[\"https:\\\/\\\/evropskakuca.me\"],\"url\":\"https:\\\/\\\/www.evropskakuca.me\\\/me\\\/author\\\/mkajic\\\/\"}]}<\/script>\n<!-- \/ Yoast SEO plugin. -->","yoast_head_json":{"title":"Sve o Erasmus+ programu u vrijeme korone - Europe House","robots":{"index":"index","follow":"follow","max-snippet":"max-snippet:-1","max-image-preview":"max-image-preview:large","max-video-preview":"max-video-preview:-1"},"canonical":"https:\/\/www.evropskakuca.me\/me\/sve-o-erasmus-programu-u-vrijeme-korone\/","og_locale":"en_US","og_type":"article","og_title":"Sve o Erasmus+ programu u vrijeme korone - Europe House","og_description":"EU info centar organizovao vebinar \u201eErasmus kafa na distanci\u201c","og_url":"https:\/\/www.evropskakuca.me\/me\/sve-o-erasmus-programu-u-vrijeme-korone\/","og_site_name":"Europe House","article_publisher":"https:\/\/www.facebook.com\/evropska.kuca","article_published_time":"2020-07-31T12:33:03+00:00","og_image":[{"width":1000,"height":562,"url":"https:\/\/www.evropskakuca.me\/wp-content\/uploads\/2020\/08\/Erasmus-kafa-na-distanci.png","type":"image\/png"}],"author":"mkajic","twitter_card":"summary_large_image","twitter_creator":"@evropska_kuca","twitter_site":"@evropska_kuca","twitter_misc":{"Written by":"mkajic","Est. reading time":"4 minutes"},"schema":{"@context":"https:\/\/schema.org","@graph":[{"@type":"Article","@id":"https:\/\/www.evropskakuca.me\/me\/sve-o-erasmus-programu-u-vrijeme-korone\/#article","isPartOf":{"@id":"https:\/\/www.evropskakuca.me\/me\/sve-o-erasmus-programu-u-vrijeme-korone\/"},"author":{"name":"mkajic","@id":"https:\/\/www.evropskakuca.me\/me\/#\/schema\/person\/a1d0dcdaefe4a1cd1d60d200ea137ba4"},"headline":"Sve o Erasmus+ programu u vrijeme korone","datePublished":"2020-07-31T12:33:03+00:00","mainEntityOfPage":{"@id":"https:\/\/www.evropskakuca.me\/me\/sve-o-erasmus-programu-u-vrijeme-korone\/"},"wordCount":806,"publisher":{"@id":"https:\/\/www.evropskakuca.me\/me\/#organization"},"image":{"@id":"https:\/\/www.evropskakuca.me\/me\/sve-o-erasmus-programu-u-vrijeme-korone\/#primaryimage"},"thumbnailUrl":"https:\/\/www.evropskakuca.me\/wp-content\/uploads\/2020\/08\/Erasmus-kafa-na-distanci.png","articleSection":["Kampanje i eventi","Koronavirusa","Novosti"],"inLanguage":"me-ME"},{"@type":"WebPage","@id":"https:\/\/www.evropskakuca.me\/me\/sve-o-erasmus-programu-u-vrijeme-korone\/","url":"https:\/\/www.evropskakuca.me\/me\/sve-o-erasmus-programu-u-vrijeme-korone\/","name":"Sve o Erasmus+ programu u vrijeme korone - Europe House","isPartOf":{"@id":"https:\/\/www.evropskakuca.me\/me\/#website"},"primaryImageOfPage":{"@id":"https:\/\/www.evropskakuca.me\/me\/sve-o-erasmus-programu-u-vrijeme-korone\/#primaryimage"},"image":{"@id":"https:\/\/www.evropskakuca.me\/me\/sve-o-erasmus-programu-u-vrijeme-korone\/#primaryimage"},"thumbnailUrl":"https:\/\/www.evropskakuca.me\/wp-content\/uploads\/2020\/08\/Erasmus-kafa-na-distanci.png","datePublished":"2020-07-31T12:33:03+00:00","breadcrumb":{"@id":"https:\/\/www.evropskakuca.me\/me\/sve-o-erasmus-programu-u-vrijeme-korone\/#breadcrumb"},"inLanguage":"me-ME","potentialAction":[{"@type":"ReadAction","target":["https:\/\/www.evropskakuca.me\/me\/sve-o-erasmus-programu-u-vrijeme-korone\/"]}]},{"@type":"ImageObject","inLanguage":"me-ME","@id":"https:\/\/www.evropskakuca.me\/me\/sve-o-erasmus-programu-u-vrijeme-korone\/#primaryimage","url":"https:\/\/www.evropskakuca.me\/wp-content\/uploads\/2020\/08\/Erasmus-kafa-na-distanci.png","contentUrl":"https:\/\/www.evropskakuca.me\/wp-content\/uploads\/2020\/08\/Erasmus-kafa-na-distanci.png","width":1000,"height":562},{"@type":"BreadcrumbList","@id":"https:\/\/www.evropskakuca.me\/me\/sve-o-erasmus-programu-u-vrijeme-korone\/#breadcrumb","itemListElement":[{"@type":"ListItem","position":1,"name":"Home","item":"https:\/\/www.evropskakuca.me\/me\/"},{"@type":"ListItem","position":2,"name":"Sve o Erasmus+ programu u vrijeme korone"}]},{"@type":"WebSite","@id":"https:\/\/www.evropskakuca.me\/me\/#website","url":"https:\/\/www.evropskakuca.me\/me\/","name":"Evropean house","description":"","publisher":{"@id":"https:\/\/www.evropskakuca.me\/me\/#organization"},"potentialAction":[{"@type":"SearchAction","target":{"@type":"EntryPoint","urlTemplate":"https:\/\/www.evropskakuca.me\/me\/?s={search_term_string}"},"query-input":{"@type":"PropertyValueSpecification","valueRequired":true,"valueName":"search_term_string"}}],"inLanguage":"me-ME"},{"@type":"Organization","@id":"https:\/\/www.evropskakuca.me\/me\/#organization","name":"Evropean house","url":"https:\/\/www.evropskakuca.me\/me\/","logo":{"@type":"ImageObject","inLanguage":"me-ME","@id":"https:\/\/www.evropskakuca.me\/me\/#\/schema\/logo\/image\/","url":"https:\/\/www.evropskakuca.me\/wp-content\/uploads\/2025\/01\/evropska-kuca-logo-1.png","contentUrl":"https:\/\/www.evropskakuca.me\/wp-content\/uploads\/2025\/01\/evropska-kuca-logo-1.png","width":425,"height":312,"caption":"Evropean house"},"image":{"@id":"https:\/\/www.evropskakuca.me\/me\/#\/schema\/logo\/image\/"},"sameAs":["https:\/\/www.facebook.com\/evropska.kuca","https:\/\/x.com\/evropska_kuca","https:\/\/www.instagram.com\/evropska_kuca"]},{"@type":"Person","@id":"https:\/\/www.evropskakuca.me\/me\/#\/schema\/person\/a1d0dcdaefe4a1cd1d60d200ea137ba4","name":"mkajic","image":{"@type":"ImageObject","inLanguage":"me-ME","@id":"https:\/\/secure.gravatar.com\/avatar\/731fa035cefab7316e6bafd1f25a93fb731a07de14e2d9923f8db4422628eabc?s=96&d=mm&r=g","url":"https:\/\/secure.gravatar.com\/avatar\/731fa035cefab7316e6bafd1f25a93fb731a07de14e2d9923f8db4422628eabc?s=96&d=mm&r=g","contentUrl":"https:\/\/secure.gravatar.com\/avatar\/731fa035cefab7316e6bafd1f25a93fb731a07de14e2d9923f8db4422628eabc?s=96&d=mm&r=g","caption":"mkajic"},"sameAs":["https:\/\/evropskakuca.me"],"url":"https:\/\/www.evropskakuca.me\/me\/author\/mkajic\/"}]}},"_links":{"self":[{"href":"https:\/\/www.evropskakuca.me\/me\/wp-json\/wp\/v2\/posts\/10250","targetHints":{"allow":["GET"]}}],"collection":[{"href":"https:\/\/www.evropskakuca.me\/me\/wp-json\/wp\/v2\/posts"}],"about":[{"href":"https:\/\/www.evropskakuca.me\/me\/wp-json\/wp\/v2\/types\/post"}],"author":[{"embeddable":true,"href":"https:\/\/www.evropskakuca.me\/me\/wp-json\/wp\/v2\/users\/1"}],"replies":[{"embeddable":true,"href":"https:\/\/www.evropskakuca.me\/me\/wp-json\/wp\/v2\/comments?post=10250"}],"version-history":[{"count":0,"href":"https:\/\/www.evropskakuca.me\/me\/wp-json\/wp\/v2\/posts\/10250\/revisions"}],"wp:featuredmedia":[{"embeddable":true,"href":"https:\/\/www.evropskakuca.me\/me\/wp-json\/wp\/v2\/media\/35610"}],"wp:attachment":[{"href":"https:\/\/www.evropskakuca.me\/me\/wp-json\/wp\/v2\/media?parent=10250"}],"wp:term":[{"taxonomy":"category","embeddable":true,"href":"https:\/\/www.evropskakuca.me\/me\/wp-json\/wp\/v2\/categories?post=10250"},{"taxonomy":"post_tag","embeddable":true,"href":"https:\/\/www.evropskakuca.me\/me\/wp-json\/wp\/v2\/tags?post=10250"}],"curies":[{"name":"wp","href":"https:\/\/api.w.org\/{rel}","templated":true}]}}