{"id":10233,"date":"2020-07-31T08:57:45","date_gmt":"2020-07-31T08:57:45","guid":{"rendered":"http:\/\/www.evropskakuca.me\/me\/?p=10233"},"modified":"2020-07-31T08:57:45","modified_gmt":"2020-07-31T08:57:45","slug":"eu-projekat-ozivio-stare-staze-bezvremenog-nasljeda-i-tradicije","status":"publish","type":"post","link":"https:\/\/www.evropskakuca.me\/me\/eu-projekat-ozivio-stare-staze-bezvremenog-nasljeda-i-tradicije\/","title":{"rendered":"EU projekat o\u017eivio stare staze bezvremenog naslje\u0111a i tradicije"},"content":{"rendered":"<p>\u010camci na rijeci Zeti nekada su bili jedini na\u010din prevoza, a okolnom stanovni\u0161tvu neizostavni prilikom ribolova. Kako su decenije prolazile broj \u010damaca se smanjivao, pa je mogu\u0107nost da se provozate rijekom i u\u017eivate u prirodi postala rijetkost. Uz podr\u0161ku IPA projekta prekograni\u010dne saradnje \u201e<a href=\"https:\/\/www.heritage-bih-mne.com\/\">\u017divot na granici BiH\/CG- stare staze bezvremenog naslje\u0111a i tradicije\u201d<\/a> to se promijenilo. Sredstvima Evropske unije na rijeci Zeti u Manitovcu kod Nik\u0161i\u0107a napravljeni su dok i deset novih \u010damaca.<\/p>\n<p><img fetchpriority=\"high\" decoding=\"async\" class=\"alignnone size-large wp-image-10226\" src=\"http:\/\/www.evropskakuca.me\/wp-content\/uploads\/2020\/07\/tr_nk-2-1024x683.jpg\" alt=\"\" width=\"1024\" height=\"683\" \/><\/p>\n<p>\u201eZa 16 mjeseci projekta, imali smo pune ruke posla. Trebalo je nabaviti opremu, novi dok kojeg ovdje nije bilo i deset \u010damaca, po ugledu na stare koji su se nakada koristili na Zeti\u201c, obja\u0161njava nam na po\u010detku pri\u010de Slavica Strikovi\u0107 iz NVO \u201e\u017denska akcija\u201c, koja je partner na projektu.<\/p>\n<p>Ve\u0107 drugo ljeto posjetioci Manitovca mogu besplatno da voze \u010damce na Zeti. Interesovanja ima, ka\u017ee nam Milo\u0161 Vukoti\u0107, vlasnik kafe-parka \u201eManitovac\u201c.<\/p>\n<p><img decoding=\"async\" class=\"alignnone size-large wp-image-10240\" src=\"http:\/\/www.evropskakuca.me\/wp-content\/uploads\/2020\/07\/tr_nk-101-1024x683.jpg\" alt=\"\" width=\"1024\" height=\"683\" \/><\/p>\n<p>\u201eBilje\u017eimo pozitivna iskustva. Ljudi nisu navikli na ne\u0161to ovako, interesuju se za vo\u017enje, ali im treba malo vremena da se priviknu. Pozivamo ih da do\u0111u, mogu slobodno da korsite \u010damac i u\u017eivaju u prirodi, a dobi\u0107e i \u00a0svu za\u0161titnu opremu.\u201c<\/p>\n<p><strong>La\u0111e ponovo plove Trebi\u0161njicom <\/strong><\/p>\n<p>Starim stazama, kako naziv projekta ka\u017ee, plove i nove la\u0111e na rijeci Trebi\u0161njici, u susjednoj Bosni i Hercegovini. Ura\u0111ene su po nacrtima nekada\u0161njih la\u0111a, koje su bile tipi\u010dne za Trebinje.<\/p>\n<p><img decoding=\"async\" class=\"alignnone size-large wp-image-10230\" src=\"http:\/\/www.evropskakuca.me\/wp-content\/uploads\/2020\/07\/tr_nk-30-1024x683.jpg\" alt=\"\" width=\"1024\" height=\"683\" \/><\/p>\n<p>\u201eInteresantno je da je samo jedan \u010dovjek sa\u010duvao nacrte i samo on pravi te la\u0111e. Uspjeli smo da ostvarimo saradnju sa njim i turistima ponudimo ne\u0161to interesantno i drug\u010dije\u201c, pri\u010da na\u0161 doma\u0107in u Trebinju Miljan Vukovi\u0107 iz lokalnog Kulturnog centra, koji je partner na projektu.<\/p>\n<p>Ekipa EU info centra se provozala \u201estarim\u201c la\u0111ama i u\u017eivala u razgledanju Trebinja sa rijeke. Te trenutke iskoristili smo za razgovor sa skiperom Milo\u0161em.<\/p>\n<p>\u201eOvo je jedna stvar koja se tradicionalno vratila u na\u0161 grad, ljudi su zaista ranije voljeli la\u0111e i u\u017eivali su na njima. I danas ljudi vole da do\u0111u, podsje\u0107aju se starih vremena, bude im lijepo\u201c, govori Milo\u0161 dok nas vodi prema starom dijelu grada.<\/p>\n<p>Dio ovog prekograni\u010dnog projekta posve\u0107en je i \u010duvanju starih spomenika od zaborava. U\u00a0 Nik\u0161i\u0107u, Plu\u017einama, Trebinju i Bile\u0107i mapirano je 40 lokacija i kulturno\u2013istorijskih objekata, koji su predstavljeni na <a href=\"http:\/\/www.heritage-bih-mne.com\">sajtu<\/a> i tablama sa QR kodovima.<\/p>\n<p><img loading=\"lazy\" decoding=\"async\" class=\"alignnone size-large wp-image-10234\" src=\"http:\/\/www.evropskakuca.me\/wp-content\/uploads\/2020\/07\/tr_nk-17-1024x683.jpg\" alt=\"\" width=\"1024\" height=\"683\" \/><\/p>\n<p>\u201eNa Manitovcu i u Plu\u017einama mo\u017eete na\u0107i zbirne tabele sa svih 20 lokacija u Crnoj Gori. Kada snimite QR kod, pojavi vam se kratka pri\u010da o spomeniku, na na\u0161em i na engleskom jeziku, ali ne onako \u0161turo kao \u0161to se to obi\u010dno radi, nego malo poetski obra\u0111eno\u201c, obja\u0161njava Slavica\u00a0iz\u00a0Nik\u0161i\u0107a.<\/p>\n<p>Iste table postavljene su u okolini Trebinja i Bile\u0107e. \u201eRadi se o objektima koje su u turisti\u010dkom smislu bili zaspostavljeni, a predstavljaju neprocjenjivo kulturno blago lokalnih zajendica\u201c, napominje \u00a0Miljan iz Trebinja.<\/p>\n<p>Koristi ovog projekta su vi\u0161estruke, a najbolje rezultate osje\u0107aju upravo turisti\u010dki radnici.<\/p>\n<p><img loading=\"lazy\" decoding=\"async\" class=\"alignnone size-large wp-image-10228\" src=\"http:\/\/www.evropskakuca.me\/wp-content\/uploads\/2020\/07\/tr_nk-87-1024x683.jpg\" alt=\"\" width=\"1024\" height=\"683\" \/><\/p>\n<p>\u201eOvakvi projekti su zna\u010dajni iz vi\u0161e aspekata. Povezuju nas sa susjednim op\u0161tinama i dr\u017eavama, \u0161to je u turzimu dobra stvar, jer u turizmu nema granica i treba da pro\u0161irujemo ponudu i na susjedne gradove i dr\u017eave, pogotovo za turiste koji dolaze iz ve\u0107ih zemalja. Mi smo malo podru\u010dje, njima treba ponuditi mnogo vi\u0161e od onoga \u0161to jedna zajednica ima\u201c, ka\u017ee Marko Radi\u0107, direktor Turisti\u010dke organizacije Trebinje.<\/p>\n<p><strong>Projekat \u201e\u017divot na granici BiH\/CG- stare staze bezvremenog naslje\u0111a i tradicije\u201d zapo\u010det je u januaru 2018. godine i odvijao se 16 mjeseci. Projekat je vrijedan preko 330 hiljada eura. Evropska unija je ulo\u017eila 85 posto sredstava, a preostali iznos obezbijedili su &#8220;Centar za kulturu&#8221; Plu\u017eine, Grad Trebinje i Kulturni centar Trebinje. Kada se sagleda sada\u0161nja situacija na terenu, mo\u017ee se zaklju\u010diti da je cilj projekta ostvaren \u2013 pozitivno je uticao na razvoj turizma, osna\u017eio je susjedske odnose i stvorio bolje uslove za \u017eivot <\/strong>u \u010desto zanemarenim <strong>prekograni\u010dnim <\/strong>podru\u010djima. Ukoliko vas je ova pri\u010da zainteresovala, predla\u017eemo da krenete stazama bezvremenog naslje\u0111a i tradicije.<\/p>\n<p>&#8211;<\/p>\n<p><strong>Li\u010dna karta projekta:<\/strong><\/p>\n<p><strong>\u00a0<\/strong><\/p>\n<p><strong>Naziv: \u201e\u017divot na granici BiH\/CG- stare staze bezvremenog naslje\u0111a i tradicije\u201c<\/strong><\/p>\n<p><strong>Bud\u017eet: 331 712 eura<\/strong><\/p>\n<p><strong>Lokacije: Nik\u0161i\u0107, Plu\u017eine, Trebinje, Bile\u0107a <\/strong><\/p>\n<p><strong>Partneri: NVO \u201e\u017denska akcija\u201d iz Nik\u0161i\u0107a <\/strong><\/p>\n<p><strong>\u00a0\u00a0\u00a0\u00a0\u00a0\u00a0 Centar za kulturu Plu\u017eine <\/strong><\/p>\n<p><strong>\u00a0\u00a0\u00a0\u00a0\u00a0\u00a0 Udru\u017eenje izdava\u010da i knji\u017eara Crne Gore <\/strong><\/p>\n<p><strong>\u00a0\u00a0\u00a0\u00a0\u00a0\u00a0 Kulturni centar i Grad Trebinje <\/strong><\/p>\n<p><strong>\u00a0\u00a0\u00a0\u00a0\u00a0\u00a0 Udru\u017eenje gra\u0111ana \u201eCentar za razvoj Hercegovine\u201d <\/strong><\/p>\n<p><strong>\u00a0\u00a0\u00a0\u00a0\u00a0\u00a0 Udru\u017eenjem gra\u0111ana \u201eHome\u201d<\/strong><\/p>\n<p><strong>Trajanje: januar 2018. \u2013 jul 2019. godine <\/strong><\/p>\n","protected":false},"excerpt":{"rendered":"<p>U Nik\u0161i\u0107u i Trebinju napravljeni \u201estari\u201c \u010damci, napisane nove pri\u010de o zaboravljenim spomenicima<\/p>\n","protected":false},"author":1,"featured_media":0,"comment_status":"closed","ping_status":"closed","sticky":false,"template":"","format":"standard","meta":{"_acf_changed":false,"footnotes":""},"categories":[283],"tags":[],"class_list":["post-10233","post","type-post","status-publish","format-standard","hentry","category-novosti-me"],"acf":[],"yoast_head":"<!-- This site is optimized with the Yoast SEO plugin v27.3 - https:\/\/yoast.com\/product\/yoast-seo-wordpress\/ -->\n<title>EU projekat o\u017eivio stare staze bezvremenog naslje\u0111a i tradicije - Europe House<\/title>\n<meta name=\"robots\" content=\"index, follow, max-snippet:-1, max-image-preview:large, max-video-preview:-1\" \/>\n<link rel=\"canonical\" href=\"https:\/\/www.evropskakuca.me\/me\/eu-projekat-ozivio-stare-staze-bezvremenog-nasljeda-i-tradicije\/\" \/>\n<meta property=\"og:locale\" content=\"en_US\" \/>\n<meta property=\"og:type\" content=\"article\" \/>\n<meta property=\"og:title\" content=\"EU projekat o\u017eivio stare staze bezvremenog naslje\u0111a i tradicije - Europe House\" \/>\n<meta property=\"og:description\" content=\"U Nik\u0161i\u0107u i Trebinju napravljeni \u201estari\u201c \u010damci, napisane nove pri\u010de o zaboravljenim spomenicima\" \/>\n<meta property=\"og:url\" content=\"https:\/\/www.evropskakuca.me\/me\/eu-projekat-ozivio-stare-staze-bezvremenog-nasljeda-i-tradicije\/\" \/>\n<meta property=\"og:site_name\" content=\"Europe House\" \/>\n<meta property=\"article:publisher\" content=\"https:\/\/www.facebook.com\/evropska.kuca\" \/>\n<meta property=\"article:published_time\" content=\"2020-07-31T08:57:45+00:00\" \/>\n<meta property=\"og:image\" content=\"http:\/\/www.evropskakuca.me\/wp-content\/uploads\/2020\/07\/tr_nk-2-1024x683.jpg\" \/>\n<meta name=\"author\" content=\"mkajic\" \/>\n<meta name=\"twitter:card\" content=\"summary_large_image\" \/>\n<meta name=\"twitter:creator\" content=\"@evropska_kuca\" \/>\n<meta name=\"twitter:site\" content=\"@evropska_kuca\" \/>\n<meta name=\"twitter:label1\" content=\"Written by\" \/>\n\t<meta name=\"twitter:data1\" content=\"mkajic\" \/>\n\t<meta name=\"twitter:label2\" content=\"Est. reading time\" \/>\n\t<meta name=\"twitter:data2\" content=\"4 minutes\" \/>\n<script type=\"application\/ld+json\" class=\"yoast-schema-graph\">{\"@context\":\"https:\\\/\\\/schema.org\",\"@graph\":[{\"@type\":\"Article\",\"@id\":\"https:\\\/\\\/www.evropskakuca.me\\\/me\\\/eu-projekat-ozivio-stare-staze-bezvremenog-nasljeda-i-tradicije\\\/#article\",\"isPartOf\":{\"@id\":\"https:\\\/\\\/www.evropskakuca.me\\\/me\\\/eu-projekat-ozivio-stare-staze-bezvremenog-nasljeda-i-tradicije\\\/\"},\"author\":{\"name\":\"mkajic\",\"@id\":\"https:\\\/\\\/www.evropskakuca.me\\\/me\\\/#\\\/schema\\\/person\\\/a1d0dcdaefe4a1cd1d60d200ea137ba4\"},\"headline\":\"EU projekat o\u017eivio stare staze bezvremenog naslje\u0111a i tradicije\",\"datePublished\":\"2020-07-31T08:57:45+00:00\",\"mainEntityOfPage\":{\"@id\":\"https:\\\/\\\/www.evropskakuca.me\\\/me\\\/eu-projekat-ozivio-stare-staze-bezvremenog-nasljeda-i-tradicije\\\/\"},\"wordCount\":793,\"publisher\":{\"@id\":\"https:\\\/\\\/www.evropskakuca.me\\\/me\\\/#organization\"},\"image\":{\"@id\":\"https:\\\/\\\/www.evropskakuca.me\\\/me\\\/eu-projekat-ozivio-stare-staze-bezvremenog-nasljeda-i-tradicije\\\/#primaryimage\"},\"thumbnailUrl\":\"http:\\\/\\\/www.evropskakuca.me\\\/wp-content\\\/uploads\\\/2020\\\/07\\\/tr_nk-2-1024x683.jpg\",\"articleSection\":[\"Novosti\"],\"inLanguage\":\"me-ME\"},{\"@type\":\"WebPage\",\"@id\":\"https:\\\/\\\/www.evropskakuca.me\\\/me\\\/eu-projekat-ozivio-stare-staze-bezvremenog-nasljeda-i-tradicije\\\/\",\"url\":\"https:\\\/\\\/www.evropskakuca.me\\\/me\\\/eu-projekat-ozivio-stare-staze-bezvremenog-nasljeda-i-tradicije\\\/\",\"name\":\"EU projekat o\u017eivio stare staze bezvremenog naslje\u0111a i tradicije - Europe House\",\"isPartOf\":{\"@id\":\"https:\\\/\\\/www.evropskakuca.me\\\/me\\\/#website\"},\"primaryImageOfPage\":{\"@id\":\"https:\\\/\\\/www.evropskakuca.me\\\/me\\\/eu-projekat-ozivio-stare-staze-bezvremenog-nasljeda-i-tradicije\\\/#primaryimage\"},\"image\":{\"@id\":\"https:\\\/\\\/www.evropskakuca.me\\\/me\\\/eu-projekat-ozivio-stare-staze-bezvremenog-nasljeda-i-tradicije\\\/#primaryimage\"},\"thumbnailUrl\":\"http:\\\/\\\/www.evropskakuca.me\\\/wp-content\\\/uploads\\\/2020\\\/07\\\/tr_nk-2-1024x683.jpg\",\"datePublished\":\"2020-07-31T08:57:45+00:00\",\"breadcrumb\":{\"@id\":\"https:\\\/\\\/www.evropskakuca.me\\\/me\\\/eu-projekat-ozivio-stare-staze-bezvremenog-nasljeda-i-tradicije\\\/#breadcrumb\"},\"inLanguage\":\"me-ME\",\"potentialAction\":[{\"@type\":\"ReadAction\",\"target\":[\"https:\\\/\\\/www.evropskakuca.me\\\/me\\\/eu-projekat-ozivio-stare-staze-bezvremenog-nasljeda-i-tradicije\\\/\"]}]},{\"@type\":\"ImageObject\",\"inLanguage\":\"me-ME\",\"@id\":\"https:\\\/\\\/www.evropskakuca.me\\\/me\\\/eu-projekat-ozivio-stare-staze-bezvremenog-nasljeda-i-tradicije\\\/#primaryimage\",\"url\":\"http:\\\/\\\/www.evropskakuca.me\\\/wp-content\\\/uploads\\\/2020\\\/07\\\/tr_nk-2-1024x683.jpg\",\"contentUrl\":\"http:\\\/\\\/www.evropskakuca.me\\\/wp-content\\\/uploads\\\/2020\\\/07\\\/tr_nk-2-1024x683.jpg\"},{\"@type\":\"BreadcrumbList\",\"@id\":\"https:\\\/\\\/www.evropskakuca.me\\\/me\\\/eu-projekat-ozivio-stare-staze-bezvremenog-nasljeda-i-tradicije\\\/#breadcrumb\",\"itemListElement\":[{\"@type\":\"ListItem\",\"position\":1,\"name\":\"Home\",\"item\":\"https:\\\/\\\/www.evropskakuca.me\\\/me\\\/\"},{\"@type\":\"ListItem\",\"position\":2,\"name\":\"EU projekat o\u017eivio stare staze bezvremenog naslje\u0111a i tradicije\"}]},{\"@type\":\"WebSite\",\"@id\":\"https:\\\/\\\/www.evropskakuca.me\\\/me\\\/#website\",\"url\":\"https:\\\/\\\/www.evropskakuca.me\\\/me\\\/\",\"name\":\"Evropean house\",\"description\":\"\",\"publisher\":{\"@id\":\"https:\\\/\\\/www.evropskakuca.me\\\/me\\\/#organization\"},\"potentialAction\":[{\"@type\":\"SearchAction\",\"target\":{\"@type\":\"EntryPoint\",\"urlTemplate\":\"https:\\\/\\\/www.evropskakuca.me\\\/me\\\/?s={search_term_string}\"},\"query-input\":{\"@type\":\"PropertyValueSpecification\",\"valueRequired\":true,\"valueName\":\"search_term_string\"}}],\"inLanguage\":\"me-ME\"},{\"@type\":\"Organization\",\"@id\":\"https:\\\/\\\/www.evropskakuca.me\\\/me\\\/#organization\",\"name\":\"Evropean house\",\"url\":\"https:\\\/\\\/www.evropskakuca.me\\\/me\\\/\",\"logo\":{\"@type\":\"ImageObject\",\"inLanguage\":\"me-ME\",\"@id\":\"https:\\\/\\\/www.evropskakuca.me\\\/me\\\/#\\\/schema\\\/logo\\\/image\\\/\",\"url\":\"https:\\\/\\\/www.evropskakuca.me\\\/wp-content\\\/uploads\\\/2025\\\/01\\\/evropska-kuca-logo-1.png\",\"contentUrl\":\"https:\\\/\\\/www.evropskakuca.me\\\/wp-content\\\/uploads\\\/2025\\\/01\\\/evropska-kuca-logo-1.png\",\"width\":425,\"height\":312,\"caption\":\"Evropean house\"},\"image\":{\"@id\":\"https:\\\/\\\/www.evropskakuca.me\\\/me\\\/#\\\/schema\\\/logo\\\/image\\\/\"},\"sameAs\":[\"https:\\\/\\\/www.facebook.com\\\/evropska.kuca\",\"https:\\\/\\\/x.com\\\/evropska_kuca\",\"https:\\\/\\\/www.instagram.com\\\/evropska_kuca\"]},{\"@type\":\"Person\",\"@id\":\"https:\\\/\\\/www.evropskakuca.me\\\/me\\\/#\\\/schema\\\/person\\\/a1d0dcdaefe4a1cd1d60d200ea137ba4\",\"name\":\"mkajic\",\"image\":{\"@type\":\"ImageObject\",\"inLanguage\":\"me-ME\",\"@id\":\"https:\\\/\\\/secure.gravatar.com\\\/avatar\\\/731fa035cefab7316e6bafd1f25a93fb731a07de14e2d9923f8db4422628eabc?s=96&d=mm&r=g\",\"url\":\"https:\\\/\\\/secure.gravatar.com\\\/avatar\\\/731fa035cefab7316e6bafd1f25a93fb731a07de14e2d9923f8db4422628eabc?s=96&d=mm&r=g\",\"contentUrl\":\"https:\\\/\\\/secure.gravatar.com\\\/avatar\\\/731fa035cefab7316e6bafd1f25a93fb731a07de14e2d9923f8db4422628eabc?s=96&d=mm&r=g\",\"caption\":\"mkajic\"},\"sameAs\":[\"https:\\\/\\\/evropskakuca.me\"],\"url\":\"https:\\\/\\\/www.evropskakuca.me\\\/me\\\/author\\\/mkajic\\\/\"}]}<\/script>\n<!-- \/ Yoast SEO plugin. -->","yoast_head_json":{"title":"EU projekat o\u017eivio stare staze bezvremenog naslje\u0111a i tradicije - Europe House","robots":{"index":"index","follow":"follow","max-snippet":"max-snippet:-1","max-image-preview":"max-image-preview:large","max-video-preview":"max-video-preview:-1"},"canonical":"https:\/\/www.evropskakuca.me\/me\/eu-projekat-ozivio-stare-staze-bezvremenog-nasljeda-i-tradicije\/","og_locale":"en_US","og_type":"article","og_title":"EU projekat o\u017eivio stare staze bezvremenog naslje\u0111a i tradicije - Europe House","og_description":"U Nik\u0161i\u0107u i Trebinju napravljeni \u201estari\u201c \u010damci, napisane nove pri\u010de o zaboravljenim spomenicima","og_url":"https:\/\/www.evropskakuca.me\/me\/eu-projekat-ozivio-stare-staze-bezvremenog-nasljeda-i-tradicije\/","og_site_name":"Europe House","article_publisher":"https:\/\/www.facebook.com\/evropska.kuca","article_published_time":"2020-07-31T08:57:45+00:00","og_image":[{"url":"http:\/\/www.evropskakuca.me\/wp-content\/uploads\/2020\/07\/tr_nk-2-1024x683.jpg","type":"","width":"","height":""}],"author":"mkajic","twitter_card":"summary_large_image","twitter_creator":"@evropska_kuca","twitter_site":"@evropska_kuca","twitter_misc":{"Written by":"mkajic","Est. reading time":"4 minutes"},"schema":{"@context":"https:\/\/schema.org","@graph":[{"@type":"Article","@id":"https:\/\/www.evropskakuca.me\/me\/eu-projekat-ozivio-stare-staze-bezvremenog-nasljeda-i-tradicije\/#article","isPartOf":{"@id":"https:\/\/www.evropskakuca.me\/me\/eu-projekat-ozivio-stare-staze-bezvremenog-nasljeda-i-tradicije\/"},"author":{"name":"mkajic","@id":"https:\/\/www.evropskakuca.me\/me\/#\/schema\/person\/a1d0dcdaefe4a1cd1d60d200ea137ba4"},"headline":"EU projekat o\u017eivio stare staze bezvremenog naslje\u0111a i tradicije","datePublished":"2020-07-31T08:57:45+00:00","mainEntityOfPage":{"@id":"https:\/\/www.evropskakuca.me\/me\/eu-projekat-ozivio-stare-staze-bezvremenog-nasljeda-i-tradicije\/"},"wordCount":793,"publisher":{"@id":"https:\/\/www.evropskakuca.me\/me\/#organization"},"image":{"@id":"https:\/\/www.evropskakuca.me\/me\/eu-projekat-ozivio-stare-staze-bezvremenog-nasljeda-i-tradicije\/#primaryimage"},"thumbnailUrl":"http:\/\/www.evropskakuca.me\/wp-content\/uploads\/2020\/07\/tr_nk-2-1024x683.jpg","articleSection":["Novosti"],"inLanguage":"me-ME"},{"@type":"WebPage","@id":"https:\/\/www.evropskakuca.me\/me\/eu-projekat-ozivio-stare-staze-bezvremenog-nasljeda-i-tradicije\/","url":"https:\/\/www.evropskakuca.me\/me\/eu-projekat-ozivio-stare-staze-bezvremenog-nasljeda-i-tradicije\/","name":"EU projekat o\u017eivio stare staze bezvremenog naslje\u0111a i tradicije - Europe House","isPartOf":{"@id":"https:\/\/www.evropskakuca.me\/me\/#website"},"primaryImageOfPage":{"@id":"https:\/\/www.evropskakuca.me\/me\/eu-projekat-ozivio-stare-staze-bezvremenog-nasljeda-i-tradicije\/#primaryimage"},"image":{"@id":"https:\/\/www.evropskakuca.me\/me\/eu-projekat-ozivio-stare-staze-bezvremenog-nasljeda-i-tradicije\/#primaryimage"},"thumbnailUrl":"http:\/\/www.evropskakuca.me\/wp-content\/uploads\/2020\/07\/tr_nk-2-1024x683.jpg","datePublished":"2020-07-31T08:57:45+00:00","breadcrumb":{"@id":"https:\/\/www.evropskakuca.me\/me\/eu-projekat-ozivio-stare-staze-bezvremenog-nasljeda-i-tradicije\/#breadcrumb"},"inLanguage":"me-ME","potentialAction":[{"@type":"ReadAction","target":["https:\/\/www.evropskakuca.me\/me\/eu-projekat-ozivio-stare-staze-bezvremenog-nasljeda-i-tradicije\/"]}]},{"@type":"ImageObject","inLanguage":"me-ME","@id":"https:\/\/www.evropskakuca.me\/me\/eu-projekat-ozivio-stare-staze-bezvremenog-nasljeda-i-tradicije\/#primaryimage","url":"http:\/\/www.evropskakuca.me\/wp-content\/uploads\/2020\/07\/tr_nk-2-1024x683.jpg","contentUrl":"http:\/\/www.evropskakuca.me\/wp-content\/uploads\/2020\/07\/tr_nk-2-1024x683.jpg"},{"@type":"BreadcrumbList","@id":"https:\/\/www.evropskakuca.me\/me\/eu-projekat-ozivio-stare-staze-bezvremenog-nasljeda-i-tradicije\/#breadcrumb","itemListElement":[{"@type":"ListItem","position":1,"name":"Home","item":"https:\/\/www.evropskakuca.me\/me\/"},{"@type":"ListItem","position":2,"name":"EU projekat o\u017eivio stare staze bezvremenog naslje\u0111a i tradicije"}]},{"@type":"WebSite","@id":"https:\/\/www.evropskakuca.me\/me\/#website","url":"https:\/\/www.evropskakuca.me\/me\/","name":"Evropean house","description":"","publisher":{"@id":"https:\/\/www.evropskakuca.me\/me\/#organization"},"potentialAction":[{"@type":"SearchAction","target":{"@type":"EntryPoint","urlTemplate":"https:\/\/www.evropskakuca.me\/me\/?s={search_term_string}"},"query-input":{"@type":"PropertyValueSpecification","valueRequired":true,"valueName":"search_term_string"}}],"inLanguage":"me-ME"},{"@type":"Organization","@id":"https:\/\/www.evropskakuca.me\/me\/#organization","name":"Evropean house","url":"https:\/\/www.evropskakuca.me\/me\/","logo":{"@type":"ImageObject","inLanguage":"me-ME","@id":"https:\/\/www.evropskakuca.me\/me\/#\/schema\/logo\/image\/","url":"https:\/\/www.evropskakuca.me\/wp-content\/uploads\/2025\/01\/evropska-kuca-logo-1.png","contentUrl":"https:\/\/www.evropskakuca.me\/wp-content\/uploads\/2025\/01\/evropska-kuca-logo-1.png","width":425,"height":312,"caption":"Evropean house"},"image":{"@id":"https:\/\/www.evropskakuca.me\/me\/#\/schema\/logo\/image\/"},"sameAs":["https:\/\/www.facebook.com\/evropska.kuca","https:\/\/x.com\/evropska_kuca","https:\/\/www.instagram.com\/evropska_kuca"]},{"@type":"Person","@id":"https:\/\/www.evropskakuca.me\/me\/#\/schema\/person\/a1d0dcdaefe4a1cd1d60d200ea137ba4","name":"mkajic","image":{"@type":"ImageObject","inLanguage":"me-ME","@id":"https:\/\/secure.gravatar.com\/avatar\/731fa035cefab7316e6bafd1f25a93fb731a07de14e2d9923f8db4422628eabc?s=96&d=mm&r=g","url":"https:\/\/secure.gravatar.com\/avatar\/731fa035cefab7316e6bafd1f25a93fb731a07de14e2d9923f8db4422628eabc?s=96&d=mm&r=g","contentUrl":"https:\/\/secure.gravatar.com\/avatar\/731fa035cefab7316e6bafd1f25a93fb731a07de14e2d9923f8db4422628eabc?s=96&d=mm&r=g","caption":"mkajic"},"sameAs":["https:\/\/evropskakuca.me"],"url":"https:\/\/www.evropskakuca.me\/me\/author\/mkajic\/"}]}},"_links":{"self":[{"href":"https:\/\/www.evropskakuca.me\/me\/wp-json\/wp\/v2\/posts\/10233","targetHints":{"allow":["GET"]}}],"collection":[{"href":"https:\/\/www.evropskakuca.me\/me\/wp-json\/wp\/v2\/posts"}],"about":[{"href":"https:\/\/www.evropskakuca.me\/me\/wp-json\/wp\/v2\/types\/post"}],"author":[{"embeddable":true,"href":"https:\/\/www.evropskakuca.me\/me\/wp-json\/wp\/v2\/users\/1"}],"replies":[{"embeddable":true,"href":"https:\/\/www.evropskakuca.me\/me\/wp-json\/wp\/v2\/comments?post=10233"}],"version-history":[{"count":0,"href":"https:\/\/www.evropskakuca.me\/me\/wp-json\/wp\/v2\/posts\/10233\/revisions"}],"wp:attachment":[{"href":"https:\/\/www.evropskakuca.me\/me\/wp-json\/wp\/v2\/media?parent=10233"}],"wp:term":[{"taxonomy":"category","embeddable":true,"href":"https:\/\/www.evropskakuca.me\/me\/wp-json\/wp\/v2\/categories?post=10233"},{"taxonomy":"post_tag","embeddable":true,"href":"https:\/\/www.evropskakuca.me\/me\/wp-json\/wp\/v2\/tags?post=10233"}],"curies":[{"name":"wp","href":"https:\/\/api.w.org\/{rel}","templated":true}]}}