{"id":10166,"date":"2020-07-25T08:12:35","date_gmt":"2020-07-25T08:12:35","guid":{"rendered":"http:\/\/www.evropskakuca.me\/?p=10166"},"modified":"2020-07-25T08:12:35","modified_gmt":"2020-07-25T08:12:35","slug":"program-erasmus-iskustvo-koje-mijenja-zivot-iz-korijena","status":"publish","type":"post","link":"https:\/\/www.evropskakuca.me\/me\/program-erasmus-iskustvo-koje-mijenja-zivot-iz-korijena\/","title":{"rendered":"Program Erasmus+: Iskustvo koje mijenja \u017eivot iz korijena"},"content":{"rendered":"<p><a href=\"https:\/\/ec.europa.eu\/programmes\/erasmus-plus\/node_en\">Erasmus+<\/a> je program Evropske unije za obrazovanje, obuku, mlade i sport, u kojem je za 30 godina postojanja u\u010destovovalo blizu 10 miliona ljudi \u0161irom Evrope. Cilj programa je da pomogne mladima da se obrazuju, profesionalno usavr\u0161e i steknu nova iskustva u inostranstvu, tako \u0161to im omogu\u0107ava i finansira studiranje, treninge, rad ili volontiranje u razli\u010dim evropskim zemljama.<\/p>\n<p>Pravo da se prijave imaju i mladi iz Crne Gore. Do sada je ovu priliku iskoristilo 600 studenata, nastavnog i administrativnog osoblja sa crnogorskih fakulteta, a me\u0111u njima je i Iva Radunovi\u0107 iz Podgorice, koja je sa nama podijelila svoje iskustvo.<\/p>\n<p>Iva se prijavila za volontiranje u Italiji, u okviru Evropskog volonterskog servisa (EVS), koji se sada zove <a href=\"https:\/\/europa.eu\/youth\/solidarity_hr\">Evropske snage solidarnosti<\/a>.<\/p>\n<p><img fetchpriority=\"high\" decoding=\"async\" class=\"alignnone size-full wp-image-10169\" src=\"http:\/\/www.evropskakuca.me\/wp-content\/uploads\/2020\/07\/iva-3.jpg\" alt=\"\" width=\"720\" height=\"540\" \/><\/p>\n<p>\u201eNa prvu Erasmus+ razmjenu sam krenula u martu 2014. godine, kada sam 6 sedmica bila dio projekta posve\u0107enog kulturnom promovisanju zajednica kroz socijalne fotografije. Iste godine u oktobru sam se prijavila za drugi projekat, posve\u0107en promociji ljudskih prava i integraciji marginalizovanih ljudi, na kojem sam radila 9 mjeseci. Oba puta sam \u017eivjela u Padovi,\u201c obja\u0161njava Iva.<\/p>\n<p>Na ovaj korak se odlu\u010dila, jer u tom trenutku, kako ka\u017ee, nije vidjela svoju budu\u0107nost u Crnoj Gori. Imala je \u017eelju da postane nezavisna od porodice i da prona\u0111e sebe.<\/p>\n<p>\u201eNa nagovor moje drugarice Ane, koja je tada rada radila u ZID-u odlu\u010dila sam da se prijavim. Iskreno mogu da ka\u017eem da je godina mog boravka u Italiji bila najljep\u0161a do sada u mom \u017eivotu. \u010cesto pomislim koliko sam zahvalna na ovoj prilici, koja mi je\u00a0 promijenila \u017eivot\u201c, dodaje Iva.<\/p>\n<p><img decoding=\"async\" class=\"alignnone size-full wp-image-10171\" src=\"http:\/\/www.evropskakuca.me\/wp-content\/uploads\/2020\/07\/iva-4.jpg\" alt=\"\" width=\"720\" height=\"538\" \/><\/p>\n<p>Osim \u0161to je, kako ka\u017ee, prona\u0161la sebe, Iva je prona\u0161la i ljubav svog \u017eivota dok je bila u\u010desnik programa mobilnosti. Tokom obuke za volontere u Riminiju, upoznala je svog sada\u0161njeg supruga Jo\u00e3o iz Portugala, koji je u isto vrijeme bio volonter u okviru Erasmus+ programa.<\/p>\n<p>\u201eSje\u0107am se da smo imali neku vje\u017ebu, u okviru koje je trebalo da zapamtimo imena drugih volontera i niko nije umio pravilno da izgovori njegovo ime. Tu sam ga prvi put primijetila. Poslije par dana smo po\u010deli da pri\u010damo o Balkanu, o kojem je saznao vi\u0161e dok je 6 mjeseci boravio u Ljubljani. Vremenom na\u0161 odnos je prerastao u vezu, a danas brak\u201c, sje\u0107a se Iva.<\/p>\n<p>Anketa biv\u0161ih u\u010desnika Erasmus+ pokazala je da skoro tre\u0107ina njih danas ima \u017eivotnog partnera ili partnerku druge nacionalnosti, \u0161to je tri puta vi\u0161e od u\u010desnika koji nisu bili na razmjeni u inostranstvu. Zanimljivo, tre\u0107ina njih se upoznala tokom studija ili volonterske razmjene, ba\u0161 kao Iva i Jo\u00e3o, koji nam ove redove \u0161alju iz Portugala gdje danas \u017eive.<\/p>\n<p><img decoding=\"async\" class=\"alignnone size-full wp-image-10173\" src=\"http:\/\/www.evropskakuca.me\/wp-content\/uploads\/2020\/07\/iva-5.jpg\" alt=\"\" width=\"720\" height=\"538\" \/><\/p>\n<p>\u201eNa kraju razmjene, ponudili su mi posao. Ali, ja sam odabrala jo\u0161 jednu avanturu \u2013 Lisabon i \u017eivot sa mojim suprugom. U Lisabonu sam skoro 5 godina. Trenutno radim u banci kao izvr\u0161ni asistent i \u017eivot je lijep. Ipak, nedostaju mi porodica, dru\u0161tvo, brdo Gorica i \u0161to je sve blizu. Mo\u017eda se vratim jednog dana, voljela bih to. Ono u \u0161ta sam sada sigurna jeste da Lisabon nije na\u0161a finalna destinacija i da su pred nama nove \u017eivotne avanture\u201c, ka\u017ee Iva.<\/p>\n<p>Svjesna da je iskustvo u okviru Erasmus+ programa promijenilo njen \u017eivot, Iva mladima srda\u010dno preporu\u010duje da se prijave.<\/p>\n<p>\u201eSigurna sam da \u0107e tokom programa nau\u010diti da se bore za sebe, posta\u0107e nezavisni, komunikativniji, pro\u0161iri\u0107e vidike, upozna\u0107e fenomenalne ljude i \u0161to je po meni najva\u017enije, osjeti\u0107e \u0161ta zna\u010di biti daleko od ku\u0107e i \u010desto van svoje zone komfora\u201c, poru\u010duje Iva za kraj.<\/p>\n<p>Prijavljivanje za u\u010de\u0161\u0107e u programu Eramus+ programa je ne\u0161to druga\u010dije u vrijeme korone i razlikuje se od programa do programa. Upravo o tome razgovara\u0107emo na na\u0161em webinaru u \u010detvrtak, 30.jula u 12h.<\/p>\n<p><strong>\u00a0POZADINA<\/strong><\/p>\n<p>Program &#8220;Erasmus&#8221; je utemeljen 1987. godine. Erasmus+ je naslijedio i objedinio \u010detiri programa u kojima je Crna Gora u\u010destvovala u periodu od 2007. do 2013. godine: Tempus, Erasmus Mundus, Program za cjelo\u017eivotno u\u010denje i program Mladi u akciji. Erasmus+ je aktivan u 33 zemlje, u koje spadaju sve \u010dlanice EU, ali i Turska, Makedonija, Norve\u0161ka, Island i Lihten\u0161tajn. Crna Gora u\u010destvuje zahvaljuju\u0107i tome \u0161to je program otvoren i za partnerske zemlje \u0161irom svijeta. Postoje\u0107i Erasmus+ program, koji je po\u010deo 2014. i traje 6. godina, ima bud\u017eet od 14.7 milijardi eura.<\/p>\n<p>&nbsp;<\/p>\n","protected":false},"excerpt":{"rendered":"<p>\u201eIskreno mogu da ka\u017eem da je godina mog boravka u Italiji bila najljep\u0161a u mom \u017eivotu\u201c, ka\u017ee Iva <\/p>\n","protected":false},"author":1,"featured_media":35586,"comment_status":"closed","ping_status":"closed","sticky":false,"template":"","format":"standard","meta":{"_acf_changed":false,"footnotes":""},"categories":[1],"tags":[],"class_list":["post-10166","post","type-post","status-publish","format-standard","has-post-thumbnail","hentry","category-uncategorized"],"acf":[],"yoast_head":"<!-- This site is optimized with the Yoast SEO plugin v27.3 - https:\/\/yoast.com\/product\/yoast-seo-wordpress\/ -->\n<title>Program Erasmus+: Iskustvo koje mijenja \u017eivot iz korijena - Europe House<\/title>\n<meta name=\"robots\" content=\"index, follow, max-snippet:-1, max-image-preview:large, max-video-preview:-1\" \/>\n<link rel=\"canonical\" href=\"https:\/\/www.evropskakuca.me\/me\/program-erasmus-iskustvo-koje-mijenja-zivot-iz-korijena\/\" \/>\n<meta property=\"og:locale\" content=\"en_US\" \/>\n<meta property=\"og:type\" content=\"article\" \/>\n<meta property=\"og:title\" content=\"Program Erasmus+: Iskustvo koje mijenja \u017eivot iz korijena - Europe House\" \/>\n<meta property=\"og:description\" content=\"\u201eIskreno mogu da ka\u017eem da je godina mog boravka u Italiji bila najljep\u0161a u mom \u017eivotu\u201c, ka\u017ee Iva\" \/>\n<meta property=\"og:url\" content=\"https:\/\/www.evropskakuca.me\/me\/program-erasmus-iskustvo-koje-mijenja-zivot-iz-korijena\/\" \/>\n<meta property=\"og:site_name\" content=\"Europe House\" \/>\n<meta property=\"article:publisher\" content=\"https:\/\/www.facebook.com\/evropska.kuca\" \/>\n<meta property=\"article:published_time\" content=\"2020-07-25T08:12:35+00:00\" \/>\n<meta property=\"og:image\" content=\"https:\/\/www.evropskakuca.me\/wp-content\/uploads\/2020\/07\/iva.jpg\" \/>\n\t<meta property=\"og:image:width\" content=\"720\" \/>\n\t<meta property=\"og:image:height\" content=\"480\" \/>\n\t<meta property=\"og:image:type\" content=\"image\/jpeg\" \/>\n<meta name=\"author\" content=\"mkajic\" \/>\n<meta name=\"twitter:card\" content=\"summary_large_image\" \/>\n<meta name=\"twitter:creator\" content=\"@evropska_kuca\" \/>\n<meta name=\"twitter:site\" content=\"@evropska_kuca\" \/>\n<meta name=\"twitter:label1\" content=\"Written by\" \/>\n\t<meta name=\"twitter:data1\" content=\"mkajic\" \/>\n\t<meta name=\"twitter:label2\" content=\"Est. reading time\" \/>\n\t<meta name=\"twitter:data2\" content=\"4 minutes\" \/>\n<script type=\"application\/ld+json\" class=\"yoast-schema-graph\">{\"@context\":\"https:\\\/\\\/schema.org\",\"@graph\":[{\"@type\":\"Article\",\"@id\":\"https:\\\/\\\/www.evropskakuca.me\\\/me\\\/program-erasmus-iskustvo-koje-mijenja-zivot-iz-korijena\\\/#article\",\"isPartOf\":{\"@id\":\"https:\\\/\\\/www.evropskakuca.me\\\/me\\\/program-erasmus-iskustvo-koje-mijenja-zivot-iz-korijena\\\/\"},\"author\":{\"name\":\"mkajic\",\"@id\":\"https:\\\/\\\/www.evropskakuca.me\\\/me\\\/#\\\/schema\\\/person\\\/a1d0dcdaefe4a1cd1d60d200ea137ba4\"},\"headline\":\"Program Erasmus+: Iskustvo koje mijenja \u017eivot iz korijena\",\"datePublished\":\"2020-07-25T08:12:35+00:00\",\"mainEntityOfPage\":{\"@id\":\"https:\\\/\\\/www.evropskakuca.me\\\/me\\\/program-erasmus-iskustvo-koje-mijenja-zivot-iz-korijena\\\/\"},\"wordCount\":747,\"publisher\":{\"@id\":\"https:\\\/\\\/www.evropskakuca.me\\\/me\\\/#organization\"},\"image\":{\"@id\":\"https:\\\/\\\/www.evropskakuca.me\\\/me\\\/program-erasmus-iskustvo-koje-mijenja-zivot-iz-korijena\\\/#primaryimage\"},\"thumbnailUrl\":\"https:\\\/\\\/www.evropskakuca.me\\\/wp-content\\\/uploads\\\/2020\\\/07\\\/iva.jpg\",\"inLanguage\":\"me-ME\"},{\"@type\":\"WebPage\",\"@id\":\"https:\\\/\\\/www.evropskakuca.me\\\/me\\\/program-erasmus-iskustvo-koje-mijenja-zivot-iz-korijena\\\/\",\"url\":\"https:\\\/\\\/www.evropskakuca.me\\\/me\\\/program-erasmus-iskustvo-koje-mijenja-zivot-iz-korijena\\\/\",\"name\":\"Program Erasmus+: Iskustvo koje mijenja \u017eivot iz korijena - Europe House\",\"isPartOf\":{\"@id\":\"https:\\\/\\\/www.evropskakuca.me\\\/me\\\/#website\"},\"primaryImageOfPage\":{\"@id\":\"https:\\\/\\\/www.evropskakuca.me\\\/me\\\/program-erasmus-iskustvo-koje-mijenja-zivot-iz-korijena\\\/#primaryimage\"},\"image\":{\"@id\":\"https:\\\/\\\/www.evropskakuca.me\\\/me\\\/program-erasmus-iskustvo-koje-mijenja-zivot-iz-korijena\\\/#primaryimage\"},\"thumbnailUrl\":\"https:\\\/\\\/www.evropskakuca.me\\\/wp-content\\\/uploads\\\/2020\\\/07\\\/iva.jpg\",\"datePublished\":\"2020-07-25T08:12:35+00:00\",\"breadcrumb\":{\"@id\":\"https:\\\/\\\/www.evropskakuca.me\\\/me\\\/program-erasmus-iskustvo-koje-mijenja-zivot-iz-korijena\\\/#breadcrumb\"},\"inLanguage\":\"me-ME\",\"potentialAction\":[{\"@type\":\"ReadAction\",\"target\":[\"https:\\\/\\\/www.evropskakuca.me\\\/me\\\/program-erasmus-iskustvo-koje-mijenja-zivot-iz-korijena\\\/\"]}]},{\"@type\":\"ImageObject\",\"inLanguage\":\"me-ME\",\"@id\":\"https:\\\/\\\/www.evropskakuca.me\\\/me\\\/program-erasmus-iskustvo-koje-mijenja-zivot-iz-korijena\\\/#primaryimage\",\"url\":\"https:\\\/\\\/www.evropskakuca.me\\\/wp-content\\\/uploads\\\/2020\\\/07\\\/iva.jpg\",\"contentUrl\":\"https:\\\/\\\/www.evropskakuca.me\\\/wp-content\\\/uploads\\\/2020\\\/07\\\/iva.jpg\",\"width\":720,\"height\":480},{\"@type\":\"BreadcrumbList\",\"@id\":\"https:\\\/\\\/www.evropskakuca.me\\\/me\\\/program-erasmus-iskustvo-koje-mijenja-zivot-iz-korijena\\\/#breadcrumb\",\"itemListElement\":[{\"@type\":\"ListItem\",\"position\":1,\"name\":\"Home\",\"item\":\"https:\\\/\\\/www.evropskakuca.me\\\/me\\\/\"},{\"@type\":\"ListItem\",\"position\":2,\"name\":\"Program Erasmus+: Iskustvo koje mijenja \u017eivot iz korijena\"}]},{\"@type\":\"WebSite\",\"@id\":\"https:\\\/\\\/www.evropskakuca.me\\\/me\\\/#website\",\"url\":\"https:\\\/\\\/www.evropskakuca.me\\\/me\\\/\",\"name\":\"Evropean house\",\"description\":\"\",\"publisher\":{\"@id\":\"https:\\\/\\\/www.evropskakuca.me\\\/me\\\/#organization\"},\"potentialAction\":[{\"@type\":\"SearchAction\",\"target\":{\"@type\":\"EntryPoint\",\"urlTemplate\":\"https:\\\/\\\/www.evropskakuca.me\\\/me\\\/?s={search_term_string}\"},\"query-input\":{\"@type\":\"PropertyValueSpecification\",\"valueRequired\":true,\"valueName\":\"search_term_string\"}}],\"inLanguage\":\"me-ME\"},{\"@type\":\"Organization\",\"@id\":\"https:\\\/\\\/www.evropskakuca.me\\\/me\\\/#organization\",\"name\":\"Evropean house\",\"url\":\"https:\\\/\\\/www.evropskakuca.me\\\/me\\\/\",\"logo\":{\"@type\":\"ImageObject\",\"inLanguage\":\"me-ME\",\"@id\":\"https:\\\/\\\/www.evropskakuca.me\\\/me\\\/#\\\/schema\\\/logo\\\/image\\\/\",\"url\":\"https:\\\/\\\/www.evropskakuca.me\\\/wp-content\\\/uploads\\\/2025\\\/01\\\/evropska-kuca-logo-1.png\",\"contentUrl\":\"https:\\\/\\\/www.evropskakuca.me\\\/wp-content\\\/uploads\\\/2025\\\/01\\\/evropska-kuca-logo-1.png\",\"width\":425,\"height\":312,\"caption\":\"Evropean house\"},\"image\":{\"@id\":\"https:\\\/\\\/www.evropskakuca.me\\\/me\\\/#\\\/schema\\\/logo\\\/image\\\/\"},\"sameAs\":[\"https:\\\/\\\/www.facebook.com\\\/evropska.kuca\",\"https:\\\/\\\/x.com\\\/evropska_kuca\",\"https:\\\/\\\/www.instagram.com\\\/evropska_kuca\"]},{\"@type\":\"Person\",\"@id\":\"https:\\\/\\\/www.evropskakuca.me\\\/me\\\/#\\\/schema\\\/person\\\/a1d0dcdaefe4a1cd1d60d200ea137ba4\",\"name\":\"mkajic\",\"image\":{\"@type\":\"ImageObject\",\"inLanguage\":\"me-ME\",\"@id\":\"https:\\\/\\\/secure.gravatar.com\\\/avatar\\\/731fa035cefab7316e6bafd1f25a93fb731a07de14e2d9923f8db4422628eabc?s=96&d=mm&r=g\",\"url\":\"https:\\\/\\\/secure.gravatar.com\\\/avatar\\\/731fa035cefab7316e6bafd1f25a93fb731a07de14e2d9923f8db4422628eabc?s=96&d=mm&r=g\",\"contentUrl\":\"https:\\\/\\\/secure.gravatar.com\\\/avatar\\\/731fa035cefab7316e6bafd1f25a93fb731a07de14e2d9923f8db4422628eabc?s=96&d=mm&r=g\",\"caption\":\"mkajic\"},\"sameAs\":[\"https:\\\/\\\/evropskakuca.me\"],\"url\":\"https:\\\/\\\/www.evropskakuca.me\\\/me\\\/author\\\/mkajic\\\/\"}]}<\/script>\n<!-- \/ Yoast SEO plugin. -->","yoast_head_json":{"title":"Program Erasmus+: Iskustvo koje mijenja \u017eivot iz korijena - Europe House","robots":{"index":"index","follow":"follow","max-snippet":"max-snippet:-1","max-image-preview":"max-image-preview:large","max-video-preview":"max-video-preview:-1"},"canonical":"https:\/\/www.evropskakuca.me\/me\/program-erasmus-iskustvo-koje-mijenja-zivot-iz-korijena\/","og_locale":"en_US","og_type":"article","og_title":"Program Erasmus+: Iskustvo koje mijenja \u017eivot iz korijena - Europe House","og_description":"\u201eIskreno mogu da ka\u017eem da je godina mog boravka u Italiji bila najljep\u0161a u mom \u017eivotu\u201c, ka\u017ee Iva","og_url":"https:\/\/www.evropskakuca.me\/me\/program-erasmus-iskustvo-koje-mijenja-zivot-iz-korijena\/","og_site_name":"Europe House","article_publisher":"https:\/\/www.facebook.com\/evropska.kuca","article_published_time":"2020-07-25T08:12:35+00:00","og_image":[{"width":720,"height":480,"url":"https:\/\/www.evropskakuca.me\/wp-content\/uploads\/2020\/07\/iva.jpg","type":"image\/jpeg"}],"author":"mkajic","twitter_card":"summary_large_image","twitter_creator":"@evropska_kuca","twitter_site":"@evropska_kuca","twitter_misc":{"Written by":"mkajic","Est. reading time":"4 minutes"},"schema":{"@context":"https:\/\/schema.org","@graph":[{"@type":"Article","@id":"https:\/\/www.evropskakuca.me\/me\/program-erasmus-iskustvo-koje-mijenja-zivot-iz-korijena\/#article","isPartOf":{"@id":"https:\/\/www.evropskakuca.me\/me\/program-erasmus-iskustvo-koje-mijenja-zivot-iz-korijena\/"},"author":{"name":"mkajic","@id":"https:\/\/www.evropskakuca.me\/me\/#\/schema\/person\/a1d0dcdaefe4a1cd1d60d200ea137ba4"},"headline":"Program Erasmus+: Iskustvo koje mijenja \u017eivot iz korijena","datePublished":"2020-07-25T08:12:35+00:00","mainEntityOfPage":{"@id":"https:\/\/www.evropskakuca.me\/me\/program-erasmus-iskustvo-koje-mijenja-zivot-iz-korijena\/"},"wordCount":747,"publisher":{"@id":"https:\/\/www.evropskakuca.me\/me\/#organization"},"image":{"@id":"https:\/\/www.evropskakuca.me\/me\/program-erasmus-iskustvo-koje-mijenja-zivot-iz-korijena\/#primaryimage"},"thumbnailUrl":"https:\/\/www.evropskakuca.me\/wp-content\/uploads\/2020\/07\/iva.jpg","inLanguage":"me-ME"},{"@type":"WebPage","@id":"https:\/\/www.evropskakuca.me\/me\/program-erasmus-iskustvo-koje-mijenja-zivot-iz-korijena\/","url":"https:\/\/www.evropskakuca.me\/me\/program-erasmus-iskustvo-koje-mijenja-zivot-iz-korijena\/","name":"Program Erasmus+: Iskustvo koje mijenja \u017eivot iz korijena - Europe House","isPartOf":{"@id":"https:\/\/www.evropskakuca.me\/me\/#website"},"primaryImageOfPage":{"@id":"https:\/\/www.evropskakuca.me\/me\/program-erasmus-iskustvo-koje-mijenja-zivot-iz-korijena\/#primaryimage"},"image":{"@id":"https:\/\/www.evropskakuca.me\/me\/program-erasmus-iskustvo-koje-mijenja-zivot-iz-korijena\/#primaryimage"},"thumbnailUrl":"https:\/\/www.evropskakuca.me\/wp-content\/uploads\/2020\/07\/iva.jpg","datePublished":"2020-07-25T08:12:35+00:00","breadcrumb":{"@id":"https:\/\/www.evropskakuca.me\/me\/program-erasmus-iskustvo-koje-mijenja-zivot-iz-korijena\/#breadcrumb"},"inLanguage":"me-ME","potentialAction":[{"@type":"ReadAction","target":["https:\/\/www.evropskakuca.me\/me\/program-erasmus-iskustvo-koje-mijenja-zivot-iz-korijena\/"]}]},{"@type":"ImageObject","inLanguage":"me-ME","@id":"https:\/\/www.evropskakuca.me\/me\/program-erasmus-iskustvo-koje-mijenja-zivot-iz-korijena\/#primaryimage","url":"https:\/\/www.evropskakuca.me\/wp-content\/uploads\/2020\/07\/iva.jpg","contentUrl":"https:\/\/www.evropskakuca.me\/wp-content\/uploads\/2020\/07\/iva.jpg","width":720,"height":480},{"@type":"BreadcrumbList","@id":"https:\/\/www.evropskakuca.me\/me\/program-erasmus-iskustvo-koje-mijenja-zivot-iz-korijena\/#breadcrumb","itemListElement":[{"@type":"ListItem","position":1,"name":"Home","item":"https:\/\/www.evropskakuca.me\/me\/"},{"@type":"ListItem","position":2,"name":"Program Erasmus+: Iskustvo koje mijenja \u017eivot iz korijena"}]},{"@type":"WebSite","@id":"https:\/\/www.evropskakuca.me\/me\/#website","url":"https:\/\/www.evropskakuca.me\/me\/","name":"Evropean house","description":"","publisher":{"@id":"https:\/\/www.evropskakuca.me\/me\/#organization"},"potentialAction":[{"@type":"SearchAction","target":{"@type":"EntryPoint","urlTemplate":"https:\/\/www.evropskakuca.me\/me\/?s={search_term_string}"},"query-input":{"@type":"PropertyValueSpecification","valueRequired":true,"valueName":"search_term_string"}}],"inLanguage":"me-ME"},{"@type":"Organization","@id":"https:\/\/www.evropskakuca.me\/me\/#organization","name":"Evropean house","url":"https:\/\/www.evropskakuca.me\/me\/","logo":{"@type":"ImageObject","inLanguage":"me-ME","@id":"https:\/\/www.evropskakuca.me\/me\/#\/schema\/logo\/image\/","url":"https:\/\/www.evropskakuca.me\/wp-content\/uploads\/2025\/01\/evropska-kuca-logo-1.png","contentUrl":"https:\/\/www.evropskakuca.me\/wp-content\/uploads\/2025\/01\/evropska-kuca-logo-1.png","width":425,"height":312,"caption":"Evropean house"},"image":{"@id":"https:\/\/www.evropskakuca.me\/me\/#\/schema\/logo\/image\/"},"sameAs":["https:\/\/www.facebook.com\/evropska.kuca","https:\/\/x.com\/evropska_kuca","https:\/\/www.instagram.com\/evropska_kuca"]},{"@type":"Person","@id":"https:\/\/www.evropskakuca.me\/me\/#\/schema\/person\/a1d0dcdaefe4a1cd1d60d200ea137ba4","name":"mkajic","image":{"@type":"ImageObject","inLanguage":"me-ME","@id":"https:\/\/secure.gravatar.com\/avatar\/731fa035cefab7316e6bafd1f25a93fb731a07de14e2d9923f8db4422628eabc?s=96&d=mm&r=g","url":"https:\/\/secure.gravatar.com\/avatar\/731fa035cefab7316e6bafd1f25a93fb731a07de14e2d9923f8db4422628eabc?s=96&d=mm&r=g","contentUrl":"https:\/\/secure.gravatar.com\/avatar\/731fa035cefab7316e6bafd1f25a93fb731a07de14e2d9923f8db4422628eabc?s=96&d=mm&r=g","caption":"mkajic"},"sameAs":["https:\/\/evropskakuca.me"],"url":"https:\/\/www.evropskakuca.me\/me\/author\/mkajic\/"}]}},"_links":{"self":[{"href":"https:\/\/www.evropskakuca.me\/me\/wp-json\/wp\/v2\/posts\/10166","targetHints":{"allow":["GET"]}}],"collection":[{"href":"https:\/\/www.evropskakuca.me\/me\/wp-json\/wp\/v2\/posts"}],"about":[{"href":"https:\/\/www.evropskakuca.me\/me\/wp-json\/wp\/v2\/types\/post"}],"author":[{"embeddable":true,"href":"https:\/\/www.evropskakuca.me\/me\/wp-json\/wp\/v2\/users\/1"}],"replies":[{"embeddable":true,"href":"https:\/\/www.evropskakuca.me\/me\/wp-json\/wp\/v2\/comments?post=10166"}],"version-history":[{"count":0,"href":"https:\/\/www.evropskakuca.me\/me\/wp-json\/wp\/v2\/posts\/10166\/revisions"}],"wp:featuredmedia":[{"embeddable":true,"href":"https:\/\/www.evropskakuca.me\/me\/wp-json\/wp\/v2\/media\/35586"}],"wp:attachment":[{"href":"https:\/\/www.evropskakuca.me\/me\/wp-json\/wp\/v2\/media?parent=10166"}],"wp:term":[{"taxonomy":"category","embeddable":true,"href":"https:\/\/www.evropskakuca.me\/me\/wp-json\/wp\/v2\/categories?post=10166"},{"taxonomy":"post_tag","embeddable":true,"href":"https:\/\/www.evropskakuca.me\/me\/wp-json\/wp\/v2\/tags?post=10166"}],"curies":[{"name":"wp","href":"https:\/\/api.w.org\/{rel}","templated":true}]}}