{"id":10087,"date":"2020-07-09T13:32:38","date_gmt":"2020-07-09T13:32:38","guid":{"rendered":"http:\/\/www.evropskakuca.me\/?p=10087"},"modified":"2020-07-09T13:32:38","modified_gmt":"2020-07-09T13:32:38","slug":"24-nova-evropska-univerziteta-jacaju-evropski-obrazovni-prostor","status":"publish","type":"post","link":"https:\/\/www.evropskakuca.me\/me\/24-nova-evropska-univerziteta-jacaju-evropski-obrazovni-prostor\/","title":{"rendered":"24 nova Evropska univerziteta ja\u010daju Evropski obrazovni prostor"},"content":{"rendered":"<p>Evropski univerziteti su transnacionalne alijanse visoko\u0161kolskih institucija iz cijele EU koje se okupljaju u korist studenata, nastavnika i dru\u0161tva. Danas je Evropska komisija predstavila dodatna 24 evropska univerziteta koji c\u0301e se pridru\u017eiti prvih 17 saveza visoko\u0161kolskih ustanova izabranih vec\u0301 2019. Finansijskom podr\u0161kom programa Erasmus + i Horizon 2020 oni pobolj\u0161avaju kvalitet, inkluziju, digitalizaciju i atraktivnost Evropskog visokog obrazovanja.<\/p>\n<p>Margaritis Schinas, potpredsjednica za promociju evropskog na\u010dina \u017eivota, rekla je: \u201eKomisija se danas sna\u017eno odaziva pozivu studenata za vec\u0301om slobodom da se \u0161koluju \u0161irom Evrope, nastavnika i istra\u017eiva\u010da radi boljeg objedinjavanja znanja i visoko\u0161kolskih institucija za objedinjavanje resursa. Sa 41 evropskim univerzitetom, koji uklju\u010duju 280 institucija i podr\u017ean sa 287 miliona eura iz bud\u017eeta EU, evropski obrazovni prostor za mnoge postaje opipljiva stvarnost. &#8221;<\/p>\n<p>Mariia Gabriel, komesar za inovacije, istra\u017eivanje, kulturu, obrazovanje i mlade, rekla je: &#8220;Veoma mi je drago \u0161to vidim da je na 41 evropskom univerzitetu sada uklju\u010den raznolik niz visoko\u0161kolskih ustanova iz svih dr\u017eava \u010dlanica i \u0161ire. COVID- 19 pandemija je pokazala da je dublja saradnja preko granica, disciplina i kultura jedini na\u010din da se oporavi od krize i da stvori otpornost. Ovi evropski univerziteti su klju\u010dni gra\u0111evnski blok evropskog obrazovnog prostora. &#8221;<\/p>\n<p>Odabrane od 62 prijave, 24 novoizabrana evropska univerziteta uklju\u010duju 165 visoko\u0161kolskih ustanova iz 26 dr\u017eava \u010dlanica i drugih zemalja koje u\u010destvuju u programu Erasmus +. Oni c\u0301e produbiti saradnju izme\u0111u svojih institucija, svojih studenata i osoblja i udru\u017eiti se na mre\u017ei i fizi\u010dkim resursima, kursevima, ekspertizom, podacima i infrastrukturom. Ako sara\u0111uju zajedno, to c\u0301e im olak\u0161ati sposobnost da se izbore sa izazovima sa kojima su suo\u010deni tokom oporavka i \u0161ire. To c\u0301e im pomoc\u0301i da podstaknu inkluzivne zelene i digitalne tranzicije za dobrobit svojih u\u010denika i svih Evropljana.<\/p>\n<p>Evropski univerziteti pokazuju prve rezultate<\/p>\n<p>Komisija je nedavno sprovela istra\u017eivanje na vec\u0301 odabranih 17 evropskih univerziteta pro\u0161le godine. Rezultati pokazuju da 96% institucija smatra da bi se bolje pripremile da se suo\u010de s pandemijom koronavirusa da je njihov Evropski univerzitet vec\u0301 bio u potpunosti operativan (po\u010deli su samo prije 6 do 9 mjeseci). Vi\u0161e od 60% njih smatra da je \u010dlanstvo u Evropskom univerzitetu vec\u0301 korisno u rje\u0161avanju trenutnih te\u0161koc\u0301a povezanih sa krizom. Dobri primeri uklju\u010duju stvaranje virtuelnih me\u0111uuniverzitetskih kampusa, nudec\u0301i zajedni\u010dke mije\u0161ane kurseve i zajedni\u010dke nastavne jedinice integrisane u nastavne programe svih univerziteta \u010dlanica. Evropski univerziteti imaju za cilj i dalje podr\u017eavanje cjelo\u017eivotnog u\u010denja pru\u017eajuc\u0301i u\u010denicima svih uzrasta moguc\u0301nost da dobiju diplome, koje se dodjeljuju nakon zavr\u0161etka kratkih kurseva ili modula.<\/p>\n<p>Evropski univerziteti uklju\u010duju razli\u010dite vrste visoko\u0161kolskih ustanova, od univerziteta primenjenih nauka, tehni\u010dkih univerziteta i \u0161kola filmske i medijske umjetnosti do sveobuhvatnih i na istra\u017eivanjima intenzivnih univerziteta. Uklju\u010dic\u0301e oko 280 visoko\u0161kolskih ustanova iz svih dr\u017eava \u010dlanica i \u0161ire, koje se nalaze ne samo u glavnim gradovima vec\u0301 i u udaljenijim evropskim regionima. Svaki savez sastoji se u prosjeku od sedam visoko\u0161kolskih ustanova. Dok su neke alijanse sveobuhvatne i pokrivaju sve discipline, druge se, na primjer, fokusiraju na odr\u017eivi razvoj, zdravlje i blagostanje, digitalizaciju i vje\u0161ta\u010dku inteligenciju, umjetnost, in\u017eenjering ili svemir.<\/p>\n<p>Za ovih 41 evropskih univerziteta, na raspolaganju je bud\u017eet do 287 miliona eura. Svaka alijansa dobija do 5 miliona eura iz programa Erasmus + i do dva miliona eura iz programa Horizon 2020 tokom tri godine kako bi zapo\u010dela sprovo\u0111enje svojih planova i otvorila put ostalim visoko\u0161kolskim ustanovama \u0161irom EU. Finansiranje iz oba programa va\u017ean je korak u ja\u010danju interakcija izme\u0111u evropskog obrazovnog prostora i evropskog istra\u017eiva\u010dkog prostora. Napredak svakog saveza se pomno nadgleda.<\/p>\n<p>U okviru sljedec\u0301eg dugoro\u010dnog bud\u017eeta Evropske unije za 2021.-2027., Komisija je predlo\u017eila da se Evropska univerziteti razviju u okviru programa Erasmus, u sinergiji s Horizon Evropom i drugim instrumentima EU.<\/p>\n<p>Pozadina<\/p>\n<p>Evropska komisija je predlo\u017eila inicijativu Evropskih univerziteta liderima Evropske unije uo\u010di Socijalnog samita u Geteborgu u novembru 2017., kao dio sveobuhvatne vizije za stvaranje evropskog obrazovnog prostora do 2025. godine. Inicijativu je Evropski savjet usvojio u decembru 2017. godine koji je pozvao na stvaranje najmanje 20 evropskih univerziteta do 2024. Koncept Evropskih univerziteta razvijen je pod vo\u0111stvom Evropske komisije, u uskoj saradnji sa dr\u017eavama \u010dlanicama, visoko\u0161kolskim ustanovama i studentskim organizacijama.<\/p>\n","protected":false},"excerpt":{"rendered":"<p>Evropski univerziteti su transnacionalne alijanse visoko\u0161kolskih institucija iz cijele EU koje se okupljaju u korist studenata, nastavnika i dru\u0161tva. Danas je Evropska komisija predstavila dodatna 24 evropska univerziteta koji c\u0301e se pridru\u017eiti prvih 17 saveza visoko\u0161kolskih ustanova izabranih vec\u0301 2019. Finansijskom podr\u0161kom programa Erasmus + i Horizon 2020 oni pobolj\u0161avaju kvalitet, inkluziju, digitalizaciju i atraktivnost [&hellip;]<\/p>\n","protected":false},"author":1,"featured_media":35574,"comment_status":"closed","ping_status":"closed","sticky":false,"template":"","format":"standard","meta":{"_acf_changed":false,"footnotes":""},"categories":[1],"tags":[],"class_list":["post-10087","post","type-post","status-publish","format-standard","has-post-thumbnail","hentry","category-uncategorized"],"acf":[],"yoast_head":"<!-- This site is optimized with the Yoast SEO plugin v27.3 - https:\/\/yoast.com\/product\/yoast-seo-wordpress\/ -->\n<title>24 nova Evropska univerziteta ja\u010daju Evropski obrazovni prostor - Europe House<\/title>\n<meta name=\"robots\" content=\"index, follow, max-snippet:-1, max-image-preview:large, max-video-preview:-1\" \/>\n<link rel=\"canonical\" href=\"https:\/\/www.evropskakuca.me\/me\/24-nova-evropska-univerziteta-jacaju-evropski-obrazovni-prostor\/\" \/>\n<meta property=\"og:locale\" content=\"en_US\" \/>\n<meta property=\"og:type\" content=\"article\" \/>\n<meta property=\"og:title\" content=\"24 nova Evropska univerziteta ja\u010daju Evropski obrazovni prostor - Europe House\" \/>\n<meta property=\"og:description\" content=\"Evropski univerziteti su transnacionalne alijanse visoko\u0161kolskih institucija iz cijele EU koje se okupljaju u korist studenata, nastavnika i dru\u0161tva. Danas je Evropska komisija predstavila dodatna 24 evropska univerziteta koji c\u0301e se pridru\u017eiti prvih 17 saveza visoko\u0161kolskih ustanova izabranih vec\u0301 2019. Finansijskom podr\u0161kom programa Erasmus + i Horizon 2020 oni pobolj\u0161avaju kvalitet, inkluziju, digitalizaciju i atraktivnost [&hellip;]\" \/>\n<meta property=\"og:url\" content=\"https:\/\/www.evropskakuca.me\/me\/24-nova-evropska-univerziteta-jacaju-evropski-obrazovni-prostor\/\" \/>\n<meta property=\"og:site_name\" content=\"Europe House\" \/>\n<meta property=\"article:publisher\" content=\"https:\/\/www.facebook.com\/evropska.kuca\" \/>\n<meta property=\"article:published_time\" content=\"2020-07-09T13:32:38+00:00\" \/>\n<meta property=\"og:image\" content=\"https:\/\/www.evropskakuca.me\/wp-content\/uploads\/2020\/07\/education-fs.jpg\" \/>\n\t<meta property=\"og:image:width\" content=\"977\" \/>\n\t<meta property=\"og:image:height\" content=\"668\" \/>\n\t<meta property=\"og:image:type\" content=\"image\/jpeg\" \/>\n<meta name=\"author\" content=\"mkajic\" \/>\n<meta name=\"twitter:card\" content=\"summary_large_image\" \/>\n<meta name=\"twitter:creator\" content=\"@evropska_kuca\" \/>\n<meta name=\"twitter:site\" content=\"@evropska_kuca\" \/>\n<meta name=\"twitter:label1\" content=\"Written by\" \/>\n\t<meta name=\"twitter:data1\" content=\"mkajic\" \/>\n\t<meta name=\"twitter:label2\" content=\"Est. reading time\" \/>\n\t<meta name=\"twitter:data2\" content=\"4 minutes\" \/>\n<script type=\"application\/ld+json\" class=\"yoast-schema-graph\">{\"@context\":\"https:\\\/\\\/schema.org\",\"@graph\":[{\"@type\":\"Article\",\"@id\":\"https:\\\/\\\/www.evropskakuca.me\\\/me\\\/24-nova-evropska-univerziteta-jacaju-evropski-obrazovni-prostor\\\/#article\",\"isPartOf\":{\"@id\":\"https:\\\/\\\/www.evropskakuca.me\\\/me\\\/24-nova-evropska-univerziteta-jacaju-evropski-obrazovni-prostor\\\/\"},\"author\":{\"name\":\"mkajic\",\"@id\":\"https:\\\/\\\/www.evropskakuca.me\\\/me\\\/#\\\/schema\\\/person\\\/a1d0dcdaefe4a1cd1d60d200ea137ba4\"},\"headline\":\"24 nova Evropska univerziteta ja\u010daju Evropski obrazovni prostor\",\"datePublished\":\"2020-07-09T13:32:38+00:00\",\"mainEntityOfPage\":{\"@id\":\"https:\\\/\\\/www.evropskakuca.me\\\/me\\\/24-nova-evropska-univerziteta-jacaju-evropski-obrazovni-prostor\\\/\"},\"wordCount\":736,\"publisher\":{\"@id\":\"https:\\\/\\\/www.evropskakuca.me\\\/me\\\/#organization\"},\"image\":{\"@id\":\"https:\\\/\\\/www.evropskakuca.me\\\/me\\\/24-nova-evropska-univerziteta-jacaju-evropski-obrazovni-prostor\\\/#primaryimage\"},\"thumbnailUrl\":\"https:\\\/\\\/www.evropskakuca.me\\\/wp-content\\\/uploads\\\/2020\\\/07\\\/education-fs.jpg\",\"inLanguage\":\"me-ME\"},{\"@type\":\"WebPage\",\"@id\":\"https:\\\/\\\/www.evropskakuca.me\\\/me\\\/24-nova-evropska-univerziteta-jacaju-evropski-obrazovni-prostor\\\/\",\"url\":\"https:\\\/\\\/www.evropskakuca.me\\\/me\\\/24-nova-evropska-univerziteta-jacaju-evropski-obrazovni-prostor\\\/\",\"name\":\"24 nova Evropska univerziteta ja\u010daju Evropski obrazovni prostor - Europe House\",\"isPartOf\":{\"@id\":\"https:\\\/\\\/www.evropskakuca.me\\\/me\\\/#website\"},\"primaryImageOfPage\":{\"@id\":\"https:\\\/\\\/www.evropskakuca.me\\\/me\\\/24-nova-evropska-univerziteta-jacaju-evropski-obrazovni-prostor\\\/#primaryimage\"},\"image\":{\"@id\":\"https:\\\/\\\/www.evropskakuca.me\\\/me\\\/24-nova-evropska-univerziteta-jacaju-evropski-obrazovni-prostor\\\/#primaryimage\"},\"thumbnailUrl\":\"https:\\\/\\\/www.evropskakuca.me\\\/wp-content\\\/uploads\\\/2020\\\/07\\\/education-fs.jpg\",\"datePublished\":\"2020-07-09T13:32:38+00:00\",\"breadcrumb\":{\"@id\":\"https:\\\/\\\/www.evropskakuca.me\\\/me\\\/24-nova-evropska-univerziteta-jacaju-evropski-obrazovni-prostor\\\/#breadcrumb\"},\"inLanguage\":\"me-ME\",\"potentialAction\":[{\"@type\":\"ReadAction\",\"target\":[\"https:\\\/\\\/www.evropskakuca.me\\\/me\\\/24-nova-evropska-univerziteta-jacaju-evropski-obrazovni-prostor\\\/\"]}]},{\"@type\":\"ImageObject\",\"inLanguage\":\"me-ME\",\"@id\":\"https:\\\/\\\/www.evropskakuca.me\\\/me\\\/24-nova-evropska-univerziteta-jacaju-evropski-obrazovni-prostor\\\/#primaryimage\",\"url\":\"https:\\\/\\\/www.evropskakuca.me\\\/wp-content\\\/uploads\\\/2020\\\/07\\\/education-fs.jpg\",\"contentUrl\":\"https:\\\/\\\/www.evropskakuca.me\\\/wp-content\\\/uploads\\\/2020\\\/07\\\/education-fs.jpg\",\"width\":977,\"height\":668},{\"@type\":\"BreadcrumbList\",\"@id\":\"https:\\\/\\\/www.evropskakuca.me\\\/me\\\/24-nova-evropska-univerziteta-jacaju-evropski-obrazovni-prostor\\\/#breadcrumb\",\"itemListElement\":[{\"@type\":\"ListItem\",\"position\":1,\"name\":\"Home\",\"item\":\"https:\\\/\\\/www.evropskakuca.me\\\/me\\\/\"},{\"@type\":\"ListItem\",\"position\":2,\"name\":\"24 nova Evropska univerziteta ja\u010daju Evropski obrazovni prostor\"}]},{\"@type\":\"WebSite\",\"@id\":\"https:\\\/\\\/www.evropskakuca.me\\\/me\\\/#website\",\"url\":\"https:\\\/\\\/www.evropskakuca.me\\\/me\\\/\",\"name\":\"Evropean house\",\"description\":\"\",\"publisher\":{\"@id\":\"https:\\\/\\\/www.evropskakuca.me\\\/me\\\/#organization\"},\"potentialAction\":[{\"@type\":\"SearchAction\",\"target\":{\"@type\":\"EntryPoint\",\"urlTemplate\":\"https:\\\/\\\/www.evropskakuca.me\\\/me\\\/?s={search_term_string}\"},\"query-input\":{\"@type\":\"PropertyValueSpecification\",\"valueRequired\":true,\"valueName\":\"search_term_string\"}}],\"inLanguage\":\"me-ME\"},{\"@type\":\"Organization\",\"@id\":\"https:\\\/\\\/www.evropskakuca.me\\\/me\\\/#organization\",\"name\":\"Evropean house\",\"url\":\"https:\\\/\\\/www.evropskakuca.me\\\/me\\\/\",\"logo\":{\"@type\":\"ImageObject\",\"inLanguage\":\"me-ME\",\"@id\":\"https:\\\/\\\/www.evropskakuca.me\\\/me\\\/#\\\/schema\\\/logo\\\/image\\\/\",\"url\":\"https:\\\/\\\/www.evropskakuca.me\\\/wp-content\\\/uploads\\\/2025\\\/01\\\/evropska-kuca-logo-1.png\",\"contentUrl\":\"https:\\\/\\\/www.evropskakuca.me\\\/wp-content\\\/uploads\\\/2025\\\/01\\\/evropska-kuca-logo-1.png\",\"width\":425,\"height\":312,\"caption\":\"Evropean house\"},\"image\":{\"@id\":\"https:\\\/\\\/www.evropskakuca.me\\\/me\\\/#\\\/schema\\\/logo\\\/image\\\/\"},\"sameAs\":[\"https:\\\/\\\/www.facebook.com\\\/evropska.kuca\",\"https:\\\/\\\/x.com\\\/evropska_kuca\",\"https:\\\/\\\/www.instagram.com\\\/evropska_kuca\"]},{\"@type\":\"Person\",\"@id\":\"https:\\\/\\\/www.evropskakuca.me\\\/me\\\/#\\\/schema\\\/person\\\/a1d0dcdaefe4a1cd1d60d200ea137ba4\",\"name\":\"mkajic\",\"image\":{\"@type\":\"ImageObject\",\"inLanguage\":\"me-ME\",\"@id\":\"https:\\\/\\\/secure.gravatar.com\\\/avatar\\\/731fa035cefab7316e6bafd1f25a93fb731a07de14e2d9923f8db4422628eabc?s=96&d=mm&r=g\",\"url\":\"https:\\\/\\\/secure.gravatar.com\\\/avatar\\\/731fa035cefab7316e6bafd1f25a93fb731a07de14e2d9923f8db4422628eabc?s=96&d=mm&r=g\",\"contentUrl\":\"https:\\\/\\\/secure.gravatar.com\\\/avatar\\\/731fa035cefab7316e6bafd1f25a93fb731a07de14e2d9923f8db4422628eabc?s=96&d=mm&r=g\",\"caption\":\"mkajic\"},\"sameAs\":[\"https:\\\/\\\/evropskakuca.me\"],\"url\":\"https:\\\/\\\/www.evropskakuca.me\\\/me\\\/author\\\/mkajic\\\/\"}]}<\/script>\n<!-- \/ Yoast SEO plugin. -->","yoast_head_json":{"title":"24 nova Evropska univerziteta ja\u010daju Evropski obrazovni prostor - Europe House","robots":{"index":"index","follow":"follow","max-snippet":"max-snippet:-1","max-image-preview":"max-image-preview:large","max-video-preview":"max-video-preview:-1"},"canonical":"https:\/\/www.evropskakuca.me\/me\/24-nova-evropska-univerziteta-jacaju-evropski-obrazovni-prostor\/","og_locale":"en_US","og_type":"article","og_title":"24 nova Evropska univerziteta ja\u010daju Evropski obrazovni prostor - Europe House","og_description":"Evropski univerziteti su transnacionalne alijanse visoko\u0161kolskih institucija iz cijele EU koje se okupljaju u korist studenata, nastavnika i dru\u0161tva. Danas je Evropska komisija predstavila dodatna 24 evropska univerziteta koji c\u0301e se pridru\u017eiti prvih 17 saveza visoko\u0161kolskih ustanova izabranih vec\u0301 2019. Finansijskom podr\u0161kom programa Erasmus + i Horizon 2020 oni pobolj\u0161avaju kvalitet, inkluziju, digitalizaciju i atraktivnost [&hellip;]","og_url":"https:\/\/www.evropskakuca.me\/me\/24-nova-evropska-univerziteta-jacaju-evropski-obrazovni-prostor\/","og_site_name":"Europe House","article_publisher":"https:\/\/www.facebook.com\/evropska.kuca","article_published_time":"2020-07-09T13:32:38+00:00","og_image":[{"width":977,"height":668,"url":"https:\/\/www.evropskakuca.me\/wp-content\/uploads\/2020\/07\/education-fs.jpg","type":"image\/jpeg"}],"author":"mkajic","twitter_card":"summary_large_image","twitter_creator":"@evropska_kuca","twitter_site":"@evropska_kuca","twitter_misc":{"Written by":"mkajic","Est. reading time":"4 minutes"},"schema":{"@context":"https:\/\/schema.org","@graph":[{"@type":"Article","@id":"https:\/\/www.evropskakuca.me\/me\/24-nova-evropska-univerziteta-jacaju-evropski-obrazovni-prostor\/#article","isPartOf":{"@id":"https:\/\/www.evropskakuca.me\/me\/24-nova-evropska-univerziteta-jacaju-evropski-obrazovni-prostor\/"},"author":{"name":"mkajic","@id":"https:\/\/www.evropskakuca.me\/me\/#\/schema\/person\/a1d0dcdaefe4a1cd1d60d200ea137ba4"},"headline":"24 nova Evropska univerziteta ja\u010daju Evropski obrazovni prostor","datePublished":"2020-07-09T13:32:38+00:00","mainEntityOfPage":{"@id":"https:\/\/www.evropskakuca.me\/me\/24-nova-evropska-univerziteta-jacaju-evropski-obrazovni-prostor\/"},"wordCount":736,"publisher":{"@id":"https:\/\/www.evropskakuca.me\/me\/#organization"},"image":{"@id":"https:\/\/www.evropskakuca.me\/me\/24-nova-evropska-univerziteta-jacaju-evropski-obrazovni-prostor\/#primaryimage"},"thumbnailUrl":"https:\/\/www.evropskakuca.me\/wp-content\/uploads\/2020\/07\/education-fs.jpg","inLanguage":"me-ME"},{"@type":"WebPage","@id":"https:\/\/www.evropskakuca.me\/me\/24-nova-evropska-univerziteta-jacaju-evropski-obrazovni-prostor\/","url":"https:\/\/www.evropskakuca.me\/me\/24-nova-evropska-univerziteta-jacaju-evropski-obrazovni-prostor\/","name":"24 nova Evropska univerziteta ja\u010daju Evropski obrazovni prostor - Europe House","isPartOf":{"@id":"https:\/\/www.evropskakuca.me\/me\/#website"},"primaryImageOfPage":{"@id":"https:\/\/www.evropskakuca.me\/me\/24-nova-evropska-univerziteta-jacaju-evropski-obrazovni-prostor\/#primaryimage"},"image":{"@id":"https:\/\/www.evropskakuca.me\/me\/24-nova-evropska-univerziteta-jacaju-evropski-obrazovni-prostor\/#primaryimage"},"thumbnailUrl":"https:\/\/www.evropskakuca.me\/wp-content\/uploads\/2020\/07\/education-fs.jpg","datePublished":"2020-07-09T13:32:38+00:00","breadcrumb":{"@id":"https:\/\/www.evropskakuca.me\/me\/24-nova-evropska-univerziteta-jacaju-evropski-obrazovni-prostor\/#breadcrumb"},"inLanguage":"me-ME","potentialAction":[{"@type":"ReadAction","target":["https:\/\/www.evropskakuca.me\/me\/24-nova-evropska-univerziteta-jacaju-evropski-obrazovni-prostor\/"]}]},{"@type":"ImageObject","inLanguage":"me-ME","@id":"https:\/\/www.evropskakuca.me\/me\/24-nova-evropska-univerziteta-jacaju-evropski-obrazovni-prostor\/#primaryimage","url":"https:\/\/www.evropskakuca.me\/wp-content\/uploads\/2020\/07\/education-fs.jpg","contentUrl":"https:\/\/www.evropskakuca.me\/wp-content\/uploads\/2020\/07\/education-fs.jpg","width":977,"height":668},{"@type":"BreadcrumbList","@id":"https:\/\/www.evropskakuca.me\/me\/24-nova-evropska-univerziteta-jacaju-evropski-obrazovni-prostor\/#breadcrumb","itemListElement":[{"@type":"ListItem","position":1,"name":"Home","item":"https:\/\/www.evropskakuca.me\/me\/"},{"@type":"ListItem","position":2,"name":"24 nova Evropska univerziteta ja\u010daju Evropski obrazovni prostor"}]},{"@type":"WebSite","@id":"https:\/\/www.evropskakuca.me\/me\/#website","url":"https:\/\/www.evropskakuca.me\/me\/","name":"Evropean house","description":"","publisher":{"@id":"https:\/\/www.evropskakuca.me\/me\/#organization"},"potentialAction":[{"@type":"SearchAction","target":{"@type":"EntryPoint","urlTemplate":"https:\/\/www.evropskakuca.me\/me\/?s={search_term_string}"},"query-input":{"@type":"PropertyValueSpecification","valueRequired":true,"valueName":"search_term_string"}}],"inLanguage":"me-ME"},{"@type":"Organization","@id":"https:\/\/www.evropskakuca.me\/me\/#organization","name":"Evropean house","url":"https:\/\/www.evropskakuca.me\/me\/","logo":{"@type":"ImageObject","inLanguage":"me-ME","@id":"https:\/\/www.evropskakuca.me\/me\/#\/schema\/logo\/image\/","url":"https:\/\/www.evropskakuca.me\/wp-content\/uploads\/2025\/01\/evropska-kuca-logo-1.png","contentUrl":"https:\/\/www.evropskakuca.me\/wp-content\/uploads\/2025\/01\/evropska-kuca-logo-1.png","width":425,"height":312,"caption":"Evropean house"},"image":{"@id":"https:\/\/www.evropskakuca.me\/me\/#\/schema\/logo\/image\/"},"sameAs":["https:\/\/www.facebook.com\/evropska.kuca","https:\/\/x.com\/evropska_kuca","https:\/\/www.instagram.com\/evropska_kuca"]},{"@type":"Person","@id":"https:\/\/www.evropskakuca.me\/me\/#\/schema\/person\/a1d0dcdaefe4a1cd1d60d200ea137ba4","name":"mkajic","image":{"@type":"ImageObject","inLanguage":"me-ME","@id":"https:\/\/secure.gravatar.com\/avatar\/731fa035cefab7316e6bafd1f25a93fb731a07de14e2d9923f8db4422628eabc?s=96&d=mm&r=g","url":"https:\/\/secure.gravatar.com\/avatar\/731fa035cefab7316e6bafd1f25a93fb731a07de14e2d9923f8db4422628eabc?s=96&d=mm&r=g","contentUrl":"https:\/\/secure.gravatar.com\/avatar\/731fa035cefab7316e6bafd1f25a93fb731a07de14e2d9923f8db4422628eabc?s=96&d=mm&r=g","caption":"mkajic"},"sameAs":["https:\/\/evropskakuca.me"],"url":"https:\/\/www.evropskakuca.me\/me\/author\/mkajic\/"}]}},"_links":{"self":[{"href":"https:\/\/www.evropskakuca.me\/me\/wp-json\/wp\/v2\/posts\/10087","targetHints":{"allow":["GET"]}}],"collection":[{"href":"https:\/\/www.evropskakuca.me\/me\/wp-json\/wp\/v2\/posts"}],"about":[{"href":"https:\/\/www.evropskakuca.me\/me\/wp-json\/wp\/v2\/types\/post"}],"author":[{"embeddable":true,"href":"https:\/\/www.evropskakuca.me\/me\/wp-json\/wp\/v2\/users\/1"}],"replies":[{"embeddable":true,"href":"https:\/\/www.evropskakuca.me\/me\/wp-json\/wp\/v2\/comments?post=10087"}],"version-history":[{"count":0,"href":"https:\/\/www.evropskakuca.me\/me\/wp-json\/wp\/v2\/posts\/10087\/revisions"}],"wp:featuredmedia":[{"embeddable":true,"href":"https:\/\/www.evropskakuca.me\/me\/wp-json\/wp\/v2\/media\/35574"}],"wp:attachment":[{"href":"https:\/\/www.evropskakuca.me\/me\/wp-json\/wp\/v2\/media?parent=10087"}],"wp:term":[{"taxonomy":"category","embeddable":true,"href":"https:\/\/www.evropskakuca.me\/me\/wp-json\/wp\/v2\/categories?post=10087"},{"taxonomy":"post_tag","embeddable":true,"href":"https:\/\/www.evropskakuca.me\/me\/wp-json\/wp\/v2\/tags?post=10087"}],"curies":[{"name":"wp","href":"https:\/\/api.w.org\/{rel}","templated":true}]}}