{"id":10058,"date":"2020-07-03T12:32:10","date_gmt":"2020-07-03T12:32:10","guid":{"rendered":"http:\/\/www.evropskakuca.me\/me\/?p=10058"},"modified":"2020-07-03T12:32:10","modified_gmt":"2020-07-03T12:32:10","slug":"predsjednica-ek-von-der-lajen-na-pocetku-njemackog-predsjedavanja-eu","status":"publish","type":"post","link":"https:\/\/www.evropskakuca.me\/me\/predsjednica-ek-von-der-lajen-na-pocetku-njemackog-predsjedavanja-eu\/","title":{"rendered":"Predsjednica EK von der Lajen na po\u010detku njema\u010dkog predsjedavanja EU"},"content":{"rendered":"<p>Kolegijum Komesara sastao se putem videokonferencije sa vladom Njema\u010dke na po\u010detku njema\u010dkog predsjedavanja Savjetom EU. Predsjednica Evropske komisije Ursula von der Lajen rekla je da je po\u010detak njema\u010dkog predsjedavanja do\u0161ao u klju\u010dnom trenutku jer c\u0301e narednih \u0161est mjeseci u velikoj mjeri odrediti buduc\u0301nost EU.<\/p>\n<p>\u201cNe samo da moramo prevazic\u0301i krizu, vec\u0301 to \u017eelimo i moramo i hrabro nastaviti na putu modernizacije unutar Evropske unije&#8221;, rekla je ona na konferenciji za \u0161tampu nakon sastanka. &#8220;Najzna\u010dajniji izazovi u Evropi prije krize ostac\u0301e isti nakon zavr\u0161etka ove krize: klimatske promjene, digitalizacija i polo\u017eaj Evrope u svijetu.&#8221;<\/p>\n<p>Podsjetila je na hitnost zadatka da se postigne sporazum o NextGenerationEU i dugoro\u010dnom bud\u017eetu EU u Evropskom savjetu, rekav\u0161i da je kriza ta \u201ckoja postavlja tempo\u201d. \u201cSvaki dan kada izgubimo, gleda\u0107emo ljude kako gube posao, kompanije kako propadaju i na\u0161e ekonomije kako slabe.\u201d<\/p>\n<p>U izjavi objavljenoj ranije, predsednica von der Lajen pozvala je Davida Sassolija, predsednika Evropskog parlamenta, Angelu Merkel, nema\u010dku kancelarku, u svojstvu rotirajuc\u0301eg predsjedavanja Savjetom, i Charlesa Michela, predsednika Evropskog saveta, na sastanak 8. jula kako bi se sumirao napredak i pripremili intenzivni politi\u010dki pregovori koji predstoje.<\/p>\n<p>Von der Lajen je tako\u0111e primjetila da su prioriteti njema\u010dkog predsjedavanja i prioritetni projekti koje je Komisija usvojila u potpunosti uskla\u0111eni &#8211; od klimatskih promjena do digitalizacije i otpornosti. Ona je rekla da c\u0301e Komisija tako\u0111e usko sara\u0111ivati s njema\u010dkim predsedni\u0161tvom tokom &#8216;odlu\u010dne faze&#8217; pregovora o Brexitu, kao i na spoljnim odnosima.<\/p>\n<p>Ona je naglasila da dvije strane koje rade zajedno mogu da pomognu Evropi da se sna\u017eno i jedinstveno kre\u0107e kroz aktuelnu krizu, kao i da NextGenerationEU postane katalizator modernizacije u Evropi.<\/p>\n<p>Kolegijum Komesara se sastao sa \u010dlanovima Bundestaga putem videokonferencije.<\/p>\n","protected":false},"excerpt":{"rendered":"<p>Sljedec\u0301ih \u0161est mjeseci klju\u010dni za EU<\/p>\n","protected":false},"author":1,"featured_media":35608,"comment_status":"closed","ping_status":"closed","sticky":false,"template":"","format":"standard","meta":{"_acf_changed":false,"footnotes":""},"categories":[],"tags":[],"class_list":["post-10058","post","type-post","status-publish","format-standard","has-post-thumbnail","hentry"],"acf":[],"yoast_head":"<!-- This site is optimized with the Yoast SEO plugin v27.3 - https:\/\/yoast.com\/product\/yoast-seo-wordpress\/ -->\n<title>Predsjednica EK von der Lajen na po\u010detku njema\u010dkog predsjedavanja EU - Europe House<\/title>\n<meta name=\"robots\" content=\"index, follow, max-snippet:-1, max-image-preview:large, max-video-preview:-1\" \/>\n<link rel=\"canonical\" href=\"https:\/\/www.evropskakuca.me\/me\/predsjednica-ek-von-der-lajen-na-pocetku-njemackog-predsjedavanja-eu\/\" \/>\n<meta property=\"og:locale\" content=\"en_US\" \/>\n<meta property=\"og:type\" content=\"article\" \/>\n<meta property=\"og:title\" content=\"Predsjednica EK von der Lajen na po\u010detku njema\u010dkog predsjedavanja EU - Europe House\" \/>\n<meta property=\"og:description\" content=\"Sljedec\u0301ih \u0161est mjeseci klju\u010dni za EU\" \/>\n<meta property=\"og:url\" content=\"https:\/\/www.evropskakuca.me\/me\/predsjednica-ek-von-der-lajen-na-pocetku-njemackog-predsjedavanja-eu\/\" \/>\n<meta property=\"og:site_name\" content=\"Europe House\" \/>\n<meta property=\"article:publisher\" content=\"https:\/\/www.facebook.com\/evropska.kuca\" \/>\n<meta property=\"article:published_time\" content=\"2020-07-03T12:32:10+00:00\" \/>\n<meta property=\"og:image\" content=\"https:\/\/www.evropskakuca.me\/wp-content\/uploads\/2020\/07\/von-der-Lajen.jpg\" \/>\n\t<meta property=\"og:image:width\" content=\"2048\" \/>\n\t<meta property=\"og:image:height\" content=\"1366\" \/>\n\t<meta property=\"og:image:type\" content=\"image\/jpeg\" \/>\n<meta name=\"author\" content=\"mkajic\" \/>\n<meta name=\"twitter:card\" content=\"summary_large_image\" \/>\n<meta name=\"twitter:creator\" content=\"@evropska_kuca\" \/>\n<meta name=\"twitter:site\" content=\"@evropska_kuca\" \/>\n<meta name=\"twitter:label1\" content=\"Written by\" \/>\n\t<meta name=\"twitter:data1\" content=\"mkajic\" \/>\n\t<meta name=\"twitter:label2\" content=\"Est. reading time\" \/>\n\t<meta name=\"twitter:data2\" content=\"2 minutes\" \/>\n<script type=\"application\/ld+json\" class=\"yoast-schema-graph\">{\"@context\":\"https:\\\/\\\/schema.org\",\"@graph\":[{\"@type\":\"Article\",\"@id\":\"https:\\\/\\\/www.evropskakuca.me\\\/me\\\/predsjednica-ek-von-der-lajen-na-pocetku-njemackog-predsjedavanja-eu\\\/#article\",\"isPartOf\":{\"@id\":\"https:\\\/\\\/www.evropskakuca.me\\\/me\\\/predsjednica-ek-von-der-lajen-na-pocetku-njemackog-predsjedavanja-eu\\\/\"},\"author\":{\"name\":\"mkajic\",\"@id\":\"https:\\\/\\\/www.evropskakuca.me\\\/me\\\/#\\\/schema\\\/person\\\/a1d0dcdaefe4a1cd1d60d200ea137ba4\"},\"headline\":\"Predsjednica EK von der Lajen na po\u010detku njema\u010dkog predsjedavanja EU\",\"datePublished\":\"2020-07-03T12:32:10+00:00\",\"mainEntityOfPage\":{\"@id\":\"https:\\\/\\\/www.evropskakuca.me\\\/me\\\/predsjednica-ek-von-der-lajen-na-pocetku-njemackog-predsjedavanja-eu\\\/\"},\"wordCount\":318,\"publisher\":{\"@id\":\"https:\\\/\\\/www.evropskakuca.me\\\/me\\\/#organization\"},\"image\":{\"@id\":\"https:\\\/\\\/www.evropskakuca.me\\\/me\\\/predsjednica-ek-von-der-lajen-na-pocetku-njemackog-predsjedavanja-eu\\\/#primaryimage\"},\"thumbnailUrl\":\"https:\\\/\\\/www.evropskakuca.me\\\/wp-content\\\/uploads\\\/2020\\\/07\\\/von-der-Lajen.jpg\",\"inLanguage\":\"me-ME\"},{\"@type\":\"WebPage\",\"@id\":\"https:\\\/\\\/www.evropskakuca.me\\\/me\\\/predsjednica-ek-von-der-lajen-na-pocetku-njemackog-predsjedavanja-eu\\\/\",\"url\":\"https:\\\/\\\/www.evropskakuca.me\\\/me\\\/predsjednica-ek-von-der-lajen-na-pocetku-njemackog-predsjedavanja-eu\\\/\",\"name\":\"Predsjednica EK von der Lajen na po\u010detku njema\u010dkog predsjedavanja EU - Europe House\",\"isPartOf\":{\"@id\":\"https:\\\/\\\/www.evropskakuca.me\\\/me\\\/#website\"},\"primaryImageOfPage\":{\"@id\":\"https:\\\/\\\/www.evropskakuca.me\\\/me\\\/predsjednica-ek-von-der-lajen-na-pocetku-njemackog-predsjedavanja-eu\\\/#primaryimage\"},\"image\":{\"@id\":\"https:\\\/\\\/www.evropskakuca.me\\\/me\\\/predsjednica-ek-von-der-lajen-na-pocetku-njemackog-predsjedavanja-eu\\\/#primaryimage\"},\"thumbnailUrl\":\"https:\\\/\\\/www.evropskakuca.me\\\/wp-content\\\/uploads\\\/2020\\\/07\\\/von-der-Lajen.jpg\",\"datePublished\":\"2020-07-03T12:32:10+00:00\",\"breadcrumb\":{\"@id\":\"https:\\\/\\\/www.evropskakuca.me\\\/me\\\/predsjednica-ek-von-der-lajen-na-pocetku-njemackog-predsjedavanja-eu\\\/#breadcrumb\"},\"inLanguage\":\"me-ME\",\"potentialAction\":[{\"@type\":\"ReadAction\",\"target\":[\"https:\\\/\\\/www.evropskakuca.me\\\/me\\\/predsjednica-ek-von-der-lajen-na-pocetku-njemackog-predsjedavanja-eu\\\/\"]}]},{\"@type\":\"ImageObject\",\"inLanguage\":\"me-ME\",\"@id\":\"https:\\\/\\\/www.evropskakuca.me\\\/me\\\/predsjednica-ek-von-der-lajen-na-pocetku-njemackog-predsjedavanja-eu\\\/#primaryimage\",\"url\":\"https:\\\/\\\/www.evropskakuca.me\\\/wp-content\\\/uploads\\\/2020\\\/07\\\/von-der-Lajen.jpg\",\"contentUrl\":\"https:\\\/\\\/www.evropskakuca.me\\\/wp-content\\\/uploads\\\/2020\\\/07\\\/von-der-Lajen.jpg\",\"width\":2048,\"height\":1366},{\"@type\":\"BreadcrumbList\",\"@id\":\"https:\\\/\\\/www.evropskakuca.me\\\/me\\\/predsjednica-ek-von-der-lajen-na-pocetku-njemackog-predsjedavanja-eu\\\/#breadcrumb\",\"itemListElement\":[{\"@type\":\"ListItem\",\"position\":1,\"name\":\"Home\",\"item\":\"https:\\\/\\\/www.evropskakuca.me\\\/me\\\/\"},{\"@type\":\"ListItem\",\"position\":2,\"name\":\"Predsjednica EK von der Lajen na po\u010detku njema\u010dkog predsjedavanja EU\"}]},{\"@type\":\"WebSite\",\"@id\":\"https:\\\/\\\/www.evropskakuca.me\\\/me\\\/#website\",\"url\":\"https:\\\/\\\/www.evropskakuca.me\\\/me\\\/\",\"name\":\"Evropean house\",\"description\":\"\",\"publisher\":{\"@id\":\"https:\\\/\\\/www.evropskakuca.me\\\/me\\\/#organization\"},\"potentialAction\":[{\"@type\":\"SearchAction\",\"target\":{\"@type\":\"EntryPoint\",\"urlTemplate\":\"https:\\\/\\\/www.evropskakuca.me\\\/me\\\/?s={search_term_string}\"},\"query-input\":{\"@type\":\"PropertyValueSpecification\",\"valueRequired\":true,\"valueName\":\"search_term_string\"}}],\"inLanguage\":\"me-ME\"},{\"@type\":\"Organization\",\"@id\":\"https:\\\/\\\/www.evropskakuca.me\\\/me\\\/#organization\",\"name\":\"Evropean house\",\"url\":\"https:\\\/\\\/www.evropskakuca.me\\\/me\\\/\",\"logo\":{\"@type\":\"ImageObject\",\"inLanguage\":\"me-ME\",\"@id\":\"https:\\\/\\\/www.evropskakuca.me\\\/me\\\/#\\\/schema\\\/logo\\\/image\\\/\",\"url\":\"https:\\\/\\\/www.evropskakuca.me\\\/wp-content\\\/uploads\\\/2025\\\/01\\\/evropska-kuca-logo-1.png\",\"contentUrl\":\"https:\\\/\\\/www.evropskakuca.me\\\/wp-content\\\/uploads\\\/2025\\\/01\\\/evropska-kuca-logo-1.png\",\"width\":425,\"height\":312,\"caption\":\"Evropean house\"},\"image\":{\"@id\":\"https:\\\/\\\/www.evropskakuca.me\\\/me\\\/#\\\/schema\\\/logo\\\/image\\\/\"},\"sameAs\":[\"https:\\\/\\\/www.facebook.com\\\/evropska.kuca\",\"https:\\\/\\\/x.com\\\/evropska_kuca\",\"https:\\\/\\\/www.instagram.com\\\/evropska_kuca\"]},{\"@type\":\"Person\",\"@id\":\"https:\\\/\\\/www.evropskakuca.me\\\/me\\\/#\\\/schema\\\/person\\\/a1d0dcdaefe4a1cd1d60d200ea137ba4\",\"name\":\"mkajic\",\"image\":{\"@type\":\"ImageObject\",\"inLanguage\":\"me-ME\",\"@id\":\"https:\\\/\\\/secure.gravatar.com\\\/avatar\\\/731fa035cefab7316e6bafd1f25a93fb731a07de14e2d9923f8db4422628eabc?s=96&d=mm&r=g\",\"url\":\"https:\\\/\\\/secure.gravatar.com\\\/avatar\\\/731fa035cefab7316e6bafd1f25a93fb731a07de14e2d9923f8db4422628eabc?s=96&d=mm&r=g\",\"contentUrl\":\"https:\\\/\\\/secure.gravatar.com\\\/avatar\\\/731fa035cefab7316e6bafd1f25a93fb731a07de14e2d9923f8db4422628eabc?s=96&d=mm&r=g\",\"caption\":\"mkajic\"},\"sameAs\":[\"https:\\\/\\\/evropskakuca.me\"],\"url\":\"https:\\\/\\\/www.evropskakuca.me\\\/me\\\/author\\\/mkajic\\\/\"}]}<\/script>\n<!-- \/ Yoast SEO plugin. -->","yoast_head_json":{"title":"Predsjednica EK von der Lajen na po\u010detku njema\u010dkog predsjedavanja EU - Europe House","robots":{"index":"index","follow":"follow","max-snippet":"max-snippet:-1","max-image-preview":"max-image-preview:large","max-video-preview":"max-video-preview:-1"},"canonical":"https:\/\/www.evropskakuca.me\/me\/predsjednica-ek-von-der-lajen-na-pocetku-njemackog-predsjedavanja-eu\/","og_locale":"en_US","og_type":"article","og_title":"Predsjednica EK von der Lajen na po\u010detku njema\u010dkog predsjedavanja EU - Europe House","og_description":"Sljedec\u0301ih \u0161est mjeseci klju\u010dni za EU","og_url":"https:\/\/www.evropskakuca.me\/me\/predsjednica-ek-von-der-lajen-na-pocetku-njemackog-predsjedavanja-eu\/","og_site_name":"Europe House","article_publisher":"https:\/\/www.facebook.com\/evropska.kuca","article_published_time":"2020-07-03T12:32:10+00:00","og_image":[{"width":2048,"height":1366,"url":"https:\/\/www.evropskakuca.me\/wp-content\/uploads\/2020\/07\/von-der-Lajen.jpg","type":"image\/jpeg"}],"author":"mkajic","twitter_card":"summary_large_image","twitter_creator":"@evropska_kuca","twitter_site":"@evropska_kuca","twitter_misc":{"Written by":"mkajic","Est. reading time":"2 minutes"},"schema":{"@context":"https:\/\/schema.org","@graph":[{"@type":"Article","@id":"https:\/\/www.evropskakuca.me\/me\/predsjednica-ek-von-der-lajen-na-pocetku-njemackog-predsjedavanja-eu\/#article","isPartOf":{"@id":"https:\/\/www.evropskakuca.me\/me\/predsjednica-ek-von-der-lajen-na-pocetku-njemackog-predsjedavanja-eu\/"},"author":{"name":"mkajic","@id":"https:\/\/www.evropskakuca.me\/me\/#\/schema\/person\/a1d0dcdaefe4a1cd1d60d200ea137ba4"},"headline":"Predsjednica EK von der Lajen na po\u010detku njema\u010dkog predsjedavanja EU","datePublished":"2020-07-03T12:32:10+00:00","mainEntityOfPage":{"@id":"https:\/\/www.evropskakuca.me\/me\/predsjednica-ek-von-der-lajen-na-pocetku-njemackog-predsjedavanja-eu\/"},"wordCount":318,"publisher":{"@id":"https:\/\/www.evropskakuca.me\/me\/#organization"},"image":{"@id":"https:\/\/www.evropskakuca.me\/me\/predsjednica-ek-von-der-lajen-na-pocetku-njemackog-predsjedavanja-eu\/#primaryimage"},"thumbnailUrl":"https:\/\/www.evropskakuca.me\/wp-content\/uploads\/2020\/07\/von-der-Lajen.jpg","inLanguage":"me-ME"},{"@type":"WebPage","@id":"https:\/\/www.evropskakuca.me\/me\/predsjednica-ek-von-der-lajen-na-pocetku-njemackog-predsjedavanja-eu\/","url":"https:\/\/www.evropskakuca.me\/me\/predsjednica-ek-von-der-lajen-na-pocetku-njemackog-predsjedavanja-eu\/","name":"Predsjednica EK von der Lajen na po\u010detku njema\u010dkog predsjedavanja EU - Europe House","isPartOf":{"@id":"https:\/\/www.evropskakuca.me\/me\/#website"},"primaryImageOfPage":{"@id":"https:\/\/www.evropskakuca.me\/me\/predsjednica-ek-von-der-lajen-na-pocetku-njemackog-predsjedavanja-eu\/#primaryimage"},"image":{"@id":"https:\/\/www.evropskakuca.me\/me\/predsjednica-ek-von-der-lajen-na-pocetku-njemackog-predsjedavanja-eu\/#primaryimage"},"thumbnailUrl":"https:\/\/www.evropskakuca.me\/wp-content\/uploads\/2020\/07\/von-der-Lajen.jpg","datePublished":"2020-07-03T12:32:10+00:00","breadcrumb":{"@id":"https:\/\/www.evropskakuca.me\/me\/predsjednica-ek-von-der-lajen-na-pocetku-njemackog-predsjedavanja-eu\/#breadcrumb"},"inLanguage":"me-ME","potentialAction":[{"@type":"ReadAction","target":["https:\/\/www.evropskakuca.me\/me\/predsjednica-ek-von-der-lajen-na-pocetku-njemackog-predsjedavanja-eu\/"]}]},{"@type":"ImageObject","inLanguage":"me-ME","@id":"https:\/\/www.evropskakuca.me\/me\/predsjednica-ek-von-der-lajen-na-pocetku-njemackog-predsjedavanja-eu\/#primaryimage","url":"https:\/\/www.evropskakuca.me\/wp-content\/uploads\/2020\/07\/von-der-Lajen.jpg","contentUrl":"https:\/\/www.evropskakuca.me\/wp-content\/uploads\/2020\/07\/von-der-Lajen.jpg","width":2048,"height":1366},{"@type":"BreadcrumbList","@id":"https:\/\/www.evropskakuca.me\/me\/predsjednica-ek-von-der-lajen-na-pocetku-njemackog-predsjedavanja-eu\/#breadcrumb","itemListElement":[{"@type":"ListItem","position":1,"name":"Home","item":"https:\/\/www.evropskakuca.me\/me\/"},{"@type":"ListItem","position":2,"name":"Predsjednica EK von der Lajen na po\u010detku njema\u010dkog predsjedavanja EU"}]},{"@type":"WebSite","@id":"https:\/\/www.evropskakuca.me\/me\/#website","url":"https:\/\/www.evropskakuca.me\/me\/","name":"Evropean house","description":"","publisher":{"@id":"https:\/\/www.evropskakuca.me\/me\/#organization"},"potentialAction":[{"@type":"SearchAction","target":{"@type":"EntryPoint","urlTemplate":"https:\/\/www.evropskakuca.me\/me\/?s={search_term_string}"},"query-input":{"@type":"PropertyValueSpecification","valueRequired":true,"valueName":"search_term_string"}}],"inLanguage":"me-ME"},{"@type":"Organization","@id":"https:\/\/www.evropskakuca.me\/me\/#organization","name":"Evropean house","url":"https:\/\/www.evropskakuca.me\/me\/","logo":{"@type":"ImageObject","inLanguage":"me-ME","@id":"https:\/\/www.evropskakuca.me\/me\/#\/schema\/logo\/image\/","url":"https:\/\/www.evropskakuca.me\/wp-content\/uploads\/2025\/01\/evropska-kuca-logo-1.png","contentUrl":"https:\/\/www.evropskakuca.me\/wp-content\/uploads\/2025\/01\/evropska-kuca-logo-1.png","width":425,"height":312,"caption":"Evropean house"},"image":{"@id":"https:\/\/www.evropskakuca.me\/me\/#\/schema\/logo\/image\/"},"sameAs":["https:\/\/www.facebook.com\/evropska.kuca","https:\/\/x.com\/evropska_kuca","https:\/\/www.instagram.com\/evropska_kuca"]},{"@type":"Person","@id":"https:\/\/www.evropskakuca.me\/me\/#\/schema\/person\/a1d0dcdaefe4a1cd1d60d200ea137ba4","name":"mkajic","image":{"@type":"ImageObject","inLanguage":"me-ME","@id":"https:\/\/secure.gravatar.com\/avatar\/731fa035cefab7316e6bafd1f25a93fb731a07de14e2d9923f8db4422628eabc?s=96&d=mm&r=g","url":"https:\/\/secure.gravatar.com\/avatar\/731fa035cefab7316e6bafd1f25a93fb731a07de14e2d9923f8db4422628eabc?s=96&d=mm&r=g","contentUrl":"https:\/\/secure.gravatar.com\/avatar\/731fa035cefab7316e6bafd1f25a93fb731a07de14e2d9923f8db4422628eabc?s=96&d=mm&r=g","caption":"mkajic"},"sameAs":["https:\/\/evropskakuca.me"],"url":"https:\/\/www.evropskakuca.me\/me\/author\/mkajic\/"}]}},"_links":{"self":[{"href":"https:\/\/www.evropskakuca.me\/me\/wp-json\/wp\/v2\/posts\/10058","targetHints":{"allow":["GET"]}}],"collection":[{"href":"https:\/\/www.evropskakuca.me\/me\/wp-json\/wp\/v2\/posts"}],"about":[{"href":"https:\/\/www.evropskakuca.me\/me\/wp-json\/wp\/v2\/types\/post"}],"author":[{"embeddable":true,"href":"https:\/\/www.evropskakuca.me\/me\/wp-json\/wp\/v2\/users\/1"}],"replies":[{"embeddable":true,"href":"https:\/\/www.evropskakuca.me\/me\/wp-json\/wp\/v2\/comments?post=10058"}],"version-history":[{"count":0,"href":"https:\/\/www.evropskakuca.me\/me\/wp-json\/wp\/v2\/posts\/10058\/revisions"}],"wp:featuredmedia":[{"embeddable":true,"href":"https:\/\/www.evropskakuca.me\/me\/wp-json\/wp\/v2\/media\/35608"}],"wp:attachment":[{"href":"https:\/\/www.evropskakuca.me\/me\/wp-json\/wp\/v2\/media?parent=10058"}],"wp:term":[{"taxonomy":"category","embeddable":true,"href":"https:\/\/www.evropskakuca.me\/me\/wp-json\/wp\/v2\/categories?post=10058"},{"taxonomy":"post_tag","embeddable":true,"href":"https:\/\/www.evropskakuca.me\/me\/wp-json\/wp\/v2\/tags?post=10058"}],"curies":[{"name":"wp","href":"https:\/\/api.w.org\/{rel}","templated":true}]}}