{"id":10053,"date":"2020-07-02T12:07:35","date_gmt":"2020-07-02T12:07:35","guid":{"rendered":"http:\/\/www.evropskakuca.me\/me\/?p=10053"},"modified":"2020-07-02T12:07:35","modified_gmt":"2020-07-02T12:07:35","slug":"granicna-saradnja-sporazum-fronteksa-sa-crnom-gorom-stupio-na-snagu","status":"publish","type":"post","link":"https:\/\/www.evropskakuca.me\/me\/granicna-saradnja-sporazum-fronteksa-sa-crnom-gorom-stupio-na-snagu\/","title":{"rendered":"Grani\u010dna saradnja: Sporazum Fronteksa sa Crnom Gorom stupio na snagu"},"content":{"rendered":"<p>Sporazum izme\u0111u Crne Gore i Evropske unije (EU) o aktivnostima koje sprovodi Evropska agencija za grani\u010dnu i obalsku stra\u017eu Fronteks stupio je na snagu. Sporazum c\u0301e omoguc\u0301iti Fronteksu da sprovodie zajedni\u010dke operacije i rasporedi timove grani\u010dara i stru\u010dnjaka na granicama izme\u0111u Crne Gore i EU. Iako je Crna Gora i dalje odgovorna za za\u0161titu svojih granica, Fronteks mo\u017ee \u00a0da joj pru\u017ea tehni\u010dku i operativnu podr\u0161ku. Timovi Fronteksa bic\u0301e u moguc\u0301nosti da podr\u017ee crnogorske grani\u010dnike u obavljanju grani\u010dnih provjera, na primjer, da sprije\u010de neovla\u0161\u0107ene ulaske.<\/p>\n<p>\u201cBliska saradnja sa na\u0161im partnerima iz EU je od su\u0161tinskog zna\u010daja u borbi protiv ilegalnih migracija\u201d, navodi se na Twitter nalogu Ministarstva unutra\u0161njih poslova.<\/p>\n<p>Sve operacije i raspore\u0111ivanja na zajedni\u010dkim granicama bic\u0301e sprovedena u potpunosti u saglasnosti sa crnogorskim vlastima. Sporazum tako\u0111e predvi\u0111a potrebne za\u0161titne mjere, kako bi se osiguralo potpuno po\u0161tovanje osnovnih prava tokom ovih operacija. Prva operacija Fronteks u zemlji koja nije \u010dlanica EU pokrenuta je u maju 2019. godine u Albaniji. Sli\u010dni sporazumi parafirani su sa Sjevernom Makedonijom (jul 2018.) i Bosnom i Hercegovinom (januar 2019.), a potpisani su sa Srbijom (novembar 2019.) i \u010dekaju finalizaciju. Oja\u010dana saradnja doprinijec\u0301e boljem upravljanju ilegalnim migracijama i povec\u0301anoj bezbjednosti na spoljnim granicama EU u zajedni\u010dkom interesu i EU i Crne Gore. Savjet EU usvojio je 27. maja odluku o zaklju\u010divanju sporazuma izme\u0111u Crne Gore i Fronteksa.<\/p>\n","protected":false},"excerpt":{"rendered":"<p>Sporazum izme\u0111u Crne Gore i Evropske unije (EU) o aktivnostima koje sprovodi Evropska agencija za grani\u010dnu i obalsku stra\u017eu Fronteks stupio je na snagu. Sporazum c\u0301e omoguc\u0301iti Fronteksu da sprovodie zajedni\u010dke operacije i rasporedi timove grani\u010dara i stru\u010dnjaka na granicama izme\u0111u Crne Gore i EU. Iako je Crna Gora i dalje odgovorna za za\u0161titu svojih [&hellip;]<\/p>\n","protected":false},"author":1,"featured_media":35578,"comment_status":"closed","ping_status":"closed","sticky":false,"template":"","format":"standard","meta":{"_acf_changed":false,"footnotes":""},"categories":[],"tags":[],"class_list":["post-10053","post","type-post","status-publish","format-standard","has-post-thumbnail","hentry"],"acf":[],"yoast_head":"<!-- This site is optimized with the Yoast SEO plugin v27.3 - https:\/\/yoast.com\/product\/yoast-seo-wordpress\/ -->\n<title>Grani\u010dna saradnja: Sporazum Fronteksa sa Crnom Gorom stupio na snagu - Europe House<\/title>\n<meta name=\"robots\" content=\"index, follow, max-snippet:-1, max-image-preview:large, max-video-preview:-1\" \/>\n<link rel=\"canonical\" href=\"https:\/\/www.evropskakuca.me\/me\/granicna-saradnja-sporazum-fronteksa-sa-crnom-gorom-stupio-na-snagu\/\" \/>\n<meta property=\"og:locale\" content=\"en_US\" \/>\n<meta property=\"og:type\" content=\"article\" \/>\n<meta property=\"og:title\" content=\"Grani\u010dna saradnja: Sporazum Fronteksa sa Crnom Gorom stupio na snagu - Europe House\" \/>\n<meta property=\"og:description\" content=\"Sporazum izme\u0111u Crne Gore i Evropske unije (EU) o aktivnostima koje sprovodi Evropska agencija za grani\u010dnu i obalsku stra\u017eu Fronteks stupio je na snagu. Sporazum c\u0301e omoguc\u0301iti Fronteksu da sprovodie zajedni\u010dke operacije i rasporedi timove grani\u010dara i stru\u010dnjaka na granicama izme\u0111u Crne Gore i EU. Iako je Crna Gora i dalje odgovorna za za\u0161titu svojih [&hellip;]\" \/>\n<meta property=\"og:url\" content=\"https:\/\/www.evropskakuca.me\/me\/granicna-saradnja-sporazum-fronteksa-sa-crnom-gorom-stupio-na-snagu\/\" \/>\n<meta property=\"og:site_name\" content=\"Europe House\" \/>\n<meta property=\"article:publisher\" content=\"https:\/\/www.facebook.com\/evropska.kuca\" \/>\n<meta property=\"article:published_time\" content=\"2020-07-02T12:07:35+00:00\" \/>\n<meta property=\"og:image\" content=\"https:\/\/www.evropskakuca.me\/wp-content\/uploads\/2020\/07\/granice.jpg\" \/>\n\t<meta property=\"og:image:width\" content=\"1200\" \/>\n\t<meta property=\"og:image:height\" content=\"482\" \/>\n\t<meta property=\"og:image:type\" content=\"image\/jpeg\" \/>\n<meta name=\"author\" content=\"mkajic\" \/>\n<meta name=\"twitter:card\" content=\"summary_large_image\" \/>\n<meta name=\"twitter:creator\" content=\"@evropska_kuca\" \/>\n<meta name=\"twitter:site\" content=\"@evropska_kuca\" \/>\n<meta name=\"twitter:label1\" content=\"Written by\" \/>\n\t<meta name=\"twitter:data1\" content=\"mkajic\" \/>\n\t<meta name=\"twitter:label2\" content=\"Est. reading time\" \/>\n\t<meta name=\"twitter:data2\" content=\"1 minute\" \/>\n<script type=\"application\/ld+json\" class=\"yoast-schema-graph\">{\"@context\":\"https:\\\/\\\/schema.org\",\"@graph\":[{\"@type\":\"Article\",\"@id\":\"https:\\\/\\\/www.evropskakuca.me\\\/me\\\/granicna-saradnja-sporazum-fronteksa-sa-crnom-gorom-stupio-na-snagu\\\/#article\",\"isPartOf\":{\"@id\":\"https:\\\/\\\/www.evropskakuca.me\\\/me\\\/granicna-saradnja-sporazum-fronteksa-sa-crnom-gorom-stupio-na-snagu\\\/\"},\"author\":{\"name\":\"mkajic\",\"@id\":\"https:\\\/\\\/www.evropskakuca.me\\\/me\\\/#\\\/schema\\\/person\\\/a1d0dcdaefe4a1cd1d60d200ea137ba4\"},\"headline\":\"Grani\u010dna saradnja: Sporazum Fronteksa sa Crnom Gorom stupio na snagu\",\"datePublished\":\"2020-07-02T12:07:35+00:00\",\"mainEntityOfPage\":{\"@id\":\"https:\\\/\\\/www.evropskakuca.me\\\/me\\\/granicna-saradnja-sporazum-fronteksa-sa-crnom-gorom-stupio-na-snagu\\\/\"},\"wordCount\":265,\"publisher\":{\"@id\":\"https:\\\/\\\/www.evropskakuca.me\\\/me\\\/#organization\"},\"image\":{\"@id\":\"https:\\\/\\\/www.evropskakuca.me\\\/me\\\/granicna-saradnja-sporazum-fronteksa-sa-crnom-gorom-stupio-na-snagu\\\/#primaryimage\"},\"thumbnailUrl\":\"https:\\\/\\\/www.evropskakuca.me\\\/wp-content\\\/uploads\\\/2020\\\/07\\\/granice.jpg\",\"inLanguage\":\"me-ME\"},{\"@type\":\"WebPage\",\"@id\":\"https:\\\/\\\/www.evropskakuca.me\\\/me\\\/granicna-saradnja-sporazum-fronteksa-sa-crnom-gorom-stupio-na-snagu\\\/\",\"url\":\"https:\\\/\\\/www.evropskakuca.me\\\/me\\\/granicna-saradnja-sporazum-fronteksa-sa-crnom-gorom-stupio-na-snagu\\\/\",\"name\":\"Grani\u010dna saradnja: Sporazum Fronteksa sa Crnom Gorom stupio na snagu - Europe House\",\"isPartOf\":{\"@id\":\"https:\\\/\\\/www.evropskakuca.me\\\/me\\\/#website\"},\"primaryImageOfPage\":{\"@id\":\"https:\\\/\\\/www.evropskakuca.me\\\/me\\\/granicna-saradnja-sporazum-fronteksa-sa-crnom-gorom-stupio-na-snagu\\\/#primaryimage\"},\"image\":{\"@id\":\"https:\\\/\\\/www.evropskakuca.me\\\/me\\\/granicna-saradnja-sporazum-fronteksa-sa-crnom-gorom-stupio-na-snagu\\\/#primaryimage\"},\"thumbnailUrl\":\"https:\\\/\\\/www.evropskakuca.me\\\/wp-content\\\/uploads\\\/2020\\\/07\\\/granice.jpg\",\"datePublished\":\"2020-07-02T12:07:35+00:00\",\"breadcrumb\":{\"@id\":\"https:\\\/\\\/www.evropskakuca.me\\\/me\\\/granicna-saradnja-sporazum-fronteksa-sa-crnom-gorom-stupio-na-snagu\\\/#breadcrumb\"},\"inLanguage\":\"me-ME\",\"potentialAction\":[{\"@type\":\"ReadAction\",\"target\":[\"https:\\\/\\\/www.evropskakuca.me\\\/me\\\/granicna-saradnja-sporazum-fronteksa-sa-crnom-gorom-stupio-na-snagu\\\/\"]}]},{\"@type\":\"ImageObject\",\"inLanguage\":\"me-ME\",\"@id\":\"https:\\\/\\\/www.evropskakuca.me\\\/me\\\/granicna-saradnja-sporazum-fronteksa-sa-crnom-gorom-stupio-na-snagu\\\/#primaryimage\",\"url\":\"https:\\\/\\\/www.evropskakuca.me\\\/wp-content\\\/uploads\\\/2020\\\/07\\\/granice.jpg\",\"contentUrl\":\"https:\\\/\\\/www.evropskakuca.me\\\/wp-content\\\/uploads\\\/2020\\\/07\\\/granice.jpg\",\"width\":1200,\"height\":482},{\"@type\":\"BreadcrumbList\",\"@id\":\"https:\\\/\\\/www.evropskakuca.me\\\/me\\\/granicna-saradnja-sporazum-fronteksa-sa-crnom-gorom-stupio-na-snagu\\\/#breadcrumb\",\"itemListElement\":[{\"@type\":\"ListItem\",\"position\":1,\"name\":\"Home\",\"item\":\"https:\\\/\\\/www.evropskakuca.me\\\/me\\\/\"},{\"@type\":\"ListItem\",\"position\":2,\"name\":\"Grani\u010dna saradnja: Sporazum Fronteksa sa Crnom Gorom stupio na snagu\"}]},{\"@type\":\"WebSite\",\"@id\":\"https:\\\/\\\/www.evropskakuca.me\\\/me\\\/#website\",\"url\":\"https:\\\/\\\/www.evropskakuca.me\\\/me\\\/\",\"name\":\"Evropean house\",\"description\":\"\",\"publisher\":{\"@id\":\"https:\\\/\\\/www.evropskakuca.me\\\/me\\\/#organization\"},\"potentialAction\":[{\"@type\":\"SearchAction\",\"target\":{\"@type\":\"EntryPoint\",\"urlTemplate\":\"https:\\\/\\\/www.evropskakuca.me\\\/me\\\/?s={search_term_string}\"},\"query-input\":{\"@type\":\"PropertyValueSpecification\",\"valueRequired\":true,\"valueName\":\"search_term_string\"}}],\"inLanguage\":\"me-ME\"},{\"@type\":\"Organization\",\"@id\":\"https:\\\/\\\/www.evropskakuca.me\\\/me\\\/#organization\",\"name\":\"Evropean house\",\"url\":\"https:\\\/\\\/www.evropskakuca.me\\\/me\\\/\",\"logo\":{\"@type\":\"ImageObject\",\"inLanguage\":\"me-ME\",\"@id\":\"https:\\\/\\\/www.evropskakuca.me\\\/me\\\/#\\\/schema\\\/logo\\\/image\\\/\",\"url\":\"https:\\\/\\\/www.evropskakuca.me\\\/wp-content\\\/uploads\\\/2025\\\/01\\\/evropska-kuca-logo-1.png\",\"contentUrl\":\"https:\\\/\\\/www.evropskakuca.me\\\/wp-content\\\/uploads\\\/2025\\\/01\\\/evropska-kuca-logo-1.png\",\"width\":425,\"height\":312,\"caption\":\"Evropean house\"},\"image\":{\"@id\":\"https:\\\/\\\/www.evropskakuca.me\\\/me\\\/#\\\/schema\\\/logo\\\/image\\\/\"},\"sameAs\":[\"https:\\\/\\\/www.facebook.com\\\/evropska.kuca\",\"https:\\\/\\\/x.com\\\/evropska_kuca\",\"https:\\\/\\\/www.instagram.com\\\/evropska_kuca\"]},{\"@type\":\"Person\",\"@id\":\"https:\\\/\\\/www.evropskakuca.me\\\/me\\\/#\\\/schema\\\/person\\\/a1d0dcdaefe4a1cd1d60d200ea137ba4\",\"name\":\"mkajic\",\"image\":{\"@type\":\"ImageObject\",\"inLanguage\":\"me-ME\",\"@id\":\"https:\\\/\\\/secure.gravatar.com\\\/avatar\\\/731fa035cefab7316e6bafd1f25a93fb731a07de14e2d9923f8db4422628eabc?s=96&d=mm&r=g\",\"url\":\"https:\\\/\\\/secure.gravatar.com\\\/avatar\\\/731fa035cefab7316e6bafd1f25a93fb731a07de14e2d9923f8db4422628eabc?s=96&d=mm&r=g\",\"contentUrl\":\"https:\\\/\\\/secure.gravatar.com\\\/avatar\\\/731fa035cefab7316e6bafd1f25a93fb731a07de14e2d9923f8db4422628eabc?s=96&d=mm&r=g\",\"caption\":\"mkajic\"},\"sameAs\":[\"https:\\\/\\\/evropskakuca.me\"],\"url\":\"https:\\\/\\\/www.evropskakuca.me\\\/me\\\/author\\\/mkajic\\\/\"}]}<\/script>\n<!-- \/ Yoast SEO plugin. -->","yoast_head_json":{"title":"Grani\u010dna saradnja: Sporazum Fronteksa sa Crnom Gorom stupio na snagu - Europe House","robots":{"index":"index","follow":"follow","max-snippet":"max-snippet:-1","max-image-preview":"max-image-preview:large","max-video-preview":"max-video-preview:-1"},"canonical":"https:\/\/www.evropskakuca.me\/me\/granicna-saradnja-sporazum-fronteksa-sa-crnom-gorom-stupio-na-snagu\/","og_locale":"en_US","og_type":"article","og_title":"Grani\u010dna saradnja: Sporazum Fronteksa sa Crnom Gorom stupio na snagu - Europe House","og_description":"Sporazum izme\u0111u Crne Gore i Evropske unije (EU) o aktivnostima koje sprovodi Evropska agencija za grani\u010dnu i obalsku stra\u017eu Fronteks stupio je na snagu. Sporazum c\u0301e omoguc\u0301iti Fronteksu da sprovodie zajedni\u010dke operacije i rasporedi timove grani\u010dara i stru\u010dnjaka na granicama izme\u0111u Crne Gore i EU. Iako je Crna Gora i dalje odgovorna za za\u0161titu svojih [&hellip;]","og_url":"https:\/\/www.evropskakuca.me\/me\/granicna-saradnja-sporazum-fronteksa-sa-crnom-gorom-stupio-na-snagu\/","og_site_name":"Europe House","article_publisher":"https:\/\/www.facebook.com\/evropska.kuca","article_published_time":"2020-07-02T12:07:35+00:00","og_image":[{"width":1200,"height":482,"url":"https:\/\/www.evropskakuca.me\/wp-content\/uploads\/2020\/07\/granice.jpg","type":"image\/jpeg"}],"author":"mkajic","twitter_card":"summary_large_image","twitter_creator":"@evropska_kuca","twitter_site":"@evropska_kuca","twitter_misc":{"Written by":"mkajic","Est. reading time":"1 minute"},"schema":{"@context":"https:\/\/schema.org","@graph":[{"@type":"Article","@id":"https:\/\/www.evropskakuca.me\/me\/granicna-saradnja-sporazum-fronteksa-sa-crnom-gorom-stupio-na-snagu\/#article","isPartOf":{"@id":"https:\/\/www.evropskakuca.me\/me\/granicna-saradnja-sporazum-fronteksa-sa-crnom-gorom-stupio-na-snagu\/"},"author":{"name":"mkajic","@id":"https:\/\/www.evropskakuca.me\/me\/#\/schema\/person\/a1d0dcdaefe4a1cd1d60d200ea137ba4"},"headline":"Grani\u010dna saradnja: Sporazum Fronteksa sa Crnom Gorom stupio na snagu","datePublished":"2020-07-02T12:07:35+00:00","mainEntityOfPage":{"@id":"https:\/\/www.evropskakuca.me\/me\/granicna-saradnja-sporazum-fronteksa-sa-crnom-gorom-stupio-na-snagu\/"},"wordCount":265,"publisher":{"@id":"https:\/\/www.evropskakuca.me\/me\/#organization"},"image":{"@id":"https:\/\/www.evropskakuca.me\/me\/granicna-saradnja-sporazum-fronteksa-sa-crnom-gorom-stupio-na-snagu\/#primaryimage"},"thumbnailUrl":"https:\/\/www.evropskakuca.me\/wp-content\/uploads\/2020\/07\/granice.jpg","inLanguage":"me-ME"},{"@type":"WebPage","@id":"https:\/\/www.evropskakuca.me\/me\/granicna-saradnja-sporazum-fronteksa-sa-crnom-gorom-stupio-na-snagu\/","url":"https:\/\/www.evropskakuca.me\/me\/granicna-saradnja-sporazum-fronteksa-sa-crnom-gorom-stupio-na-snagu\/","name":"Grani\u010dna saradnja: Sporazum Fronteksa sa Crnom Gorom stupio na snagu - Europe House","isPartOf":{"@id":"https:\/\/www.evropskakuca.me\/me\/#website"},"primaryImageOfPage":{"@id":"https:\/\/www.evropskakuca.me\/me\/granicna-saradnja-sporazum-fronteksa-sa-crnom-gorom-stupio-na-snagu\/#primaryimage"},"image":{"@id":"https:\/\/www.evropskakuca.me\/me\/granicna-saradnja-sporazum-fronteksa-sa-crnom-gorom-stupio-na-snagu\/#primaryimage"},"thumbnailUrl":"https:\/\/www.evropskakuca.me\/wp-content\/uploads\/2020\/07\/granice.jpg","datePublished":"2020-07-02T12:07:35+00:00","breadcrumb":{"@id":"https:\/\/www.evropskakuca.me\/me\/granicna-saradnja-sporazum-fronteksa-sa-crnom-gorom-stupio-na-snagu\/#breadcrumb"},"inLanguage":"me-ME","potentialAction":[{"@type":"ReadAction","target":["https:\/\/www.evropskakuca.me\/me\/granicna-saradnja-sporazum-fronteksa-sa-crnom-gorom-stupio-na-snagu\/"]}]},{"@type":"ImageObject","inLanguage":"me-ME","@id":"https:\/\/www.evropskakuca.me\/me\/granicna-saradnja-sporazum-fronteksa-sa-crnom-gorom-stupio-na-snagu\/#primaryimage","url":"https:\/\/www.evropskakuca.me\/wp-content\/uploads\/2020\/07\/granice.jpg","contentUrl":"https:\/\/www.evropskakuca.me\/wp-content\/uploads\/2020\/07\/granice.jpg","width":1200,"height":482},{"@type":"BreadcrumbList","@id":"https:\/\/www.evropskakuca.me\/me\/granicna-saradnja-sporazum-fronteksa-sa-crnom-gorom-stupio-na-snagu\/#breadcrumb","itemListElement":[{"@type":"ListItem","position":1,"name":"Home","item":"https:\/\/www.evropskakuca.me\/me\/"},{"@type":"ListItem","position":2,"name":"Grani\u010dna saradnja: Sporazum Fronteksa sa Crnom Gorom stupio na snagu"}]},{"@type":"WebSite","@id":"https:\/\/www.evropskakuca.me\/me\/#website","url":"https:\/\/www.evropskakuca.me\/me\/","name":"Evropean house","description":"","publisher":{"@id":"https:\/\/www.evropskakuca.me\/me\/#organization"},"potentialAction":[{"@type":"SearchAction","target":{"@type":"EntryPoint","urlTemplate":"https:\/\/www.evropskakuca.me\/me\/?s={search_term_string}"},"query-input":{"@type":"PropertyValueSpecification","valueRequired":true,"valueName":"search_term_string"}}],"inLanguage":"me-ME"},{"@type":"Organization","@id":"https:\/\/www.evropskakuca.me\/me\/#organization","name":"Evropean house","url":"https:\/\/www.evropskakuca.me\/me\/","logo":{"@type":"ImageObject","inLanguage":"me-ME","@id":"https:\/\/www.evropskakuca.me\/me\/#\/schema\/logo\/image\/","url":"https:\/\/www.evropskakuca.me\/wp-content\/uploads\/2025\/01\/evropska-kuca-logo-1.png","contentUrl":"https:\/\/www.evropskakuca.me\/wp-content\/uploads\/2025\/01\/evropska-kuca-logo-1.png","width":425,"height":312,"caption":"Evropean house"},"image":{"@id":"https:\/\/www.evropskakuca.me\/me\/#\/schema\/logo\/image\/"},"sameAs":["https:\/\/www.facebook.com\/evropska.kuca","https:\/\/x.com\/evropska_kuca","https:\/\/www.instagram.com\/evropska_kuca"]},{"@type":"Person","@id":"https:\/\/www.evropskakuca.me\/me\/#\/schema\/person\/a1d0dcdaefe4a1cd1d60d200ea137ba4","name":"mkajic","image":{"@type":"ImageObject","inLanguage":"me-ME","@id":"https:\/\/secure.gravatar.com\/avatar\/731fa035cefab7316e6bafd1f25a93fb731a07de14e2d9923f8db4422628eabc?s=96&d=mm&r=g","url":"https:\/\/secure.gravatar.com\/avatar\/731fa035cefab7316e6bafd1f25a93fb731a07de14e2d9923f8db4422628eabc?s=96&d=mm&r=g","contentUrl":"https:\/\/secure.gravatar.com\/avatar\/731fa035cefab7316e6bafd1f25a93fb731a07de14e2d9923f8db4422628eabc?s=96&d=mm&r=g","caption":"mkajic"},"sameAs":["https:\/\/evropskakuca.me"],"url":"https:\/\/www.evropskakuca.me\/me\/author\/mkajic\/"}]}},"_links":{"self":[{"href":"https:\/\/www.evropskakuca.me\/me\/wp-json\/wp\/v2\/posts\/10053","targetHints":{"allow":["GET"]}}],"collection":[{"href":"https:\/\/www.evropskakuca.me\/me\/wp-json\/wp\/v2\/posts"}],"about":[{"href":"https:\/\/www.evropskakuca.me\/me\/wp-json\/wp\/v2\/types\/post"}],"author":[{"embeddable":true,"href":"https:\/\/www.evropskakuca.me\/me\/wp-json\/wp\/v2\/users\/1"}],"replies":[{"embeddable":true,"href":"https:\/\/www.evropskakuca.me\/me\/wp-json\/wp\/v2\/comments?post=10053"}],"version-history":[{"count":0,"href":"https:\/\/www.evropskakuca.me\/me\/wp-json\/wp\/v2\/posts\/10053\/revisions"}],"wp:featuredmedia":[{"embeddable":true,"href":"https:\/\/www.evropskakuca.me\/me\/wp-json\/wp\/v2\/media\/35578"}],"wp:attachment":[{"href":"https:\/\/www.evropskakuca.me\/me\/wp-json\/wp\/v2\/media?parent=10053"}],"wp:term":[{"taxonomy":"category","embeddable":true,"href":"https:\/\/www.evropskakuca.me\/me\/wp-json\/wp\/v2\/categories?post=10053"},{"taxonomy":"post_tag","embeddable":true,"href":"https:\/\/www.evropskakuca.me\/me\/wp-json\/wp\/v2\/tags?post=10053"}],"curies":[{"name":"wp","href":"https:\/\/api.w.org\/{rel}","templated":true}]}}